{"id":101509,"date":"2020-08-19T08:26:20","date_gmt":"2020-08-19T11:26:20","guid":{"rendered":"http:\/\/diariodamanhapelotas.com.br\/site\/?p=101509"},"modified":"2020-08-19T08:26:20","modified_gmt":"2020-08-19T11:26:20","slug":"estado-ar-polar-traz-frio-intenso-e-neve","status":"publish","type":"post","link":"https:\/\/diariodamanhapelotas.com.br\/site\/estado-ar-polar-traz-frio-intenso-e-neve\/","title":{"rendered":"ESTADO :  Ar polar traz frio intenso e neve"},"content":{"rendered":"<p>O Centro de Pesquisas e Previs\u00f5es Meteorol\u00f3gicas (CPMET) da Universidade Federal de Pelotas (UFPel) est\u00e1 elaborando boletins especiais de previs\u00e3o meteorol\u00f3gica em fun\u00e7\u00e3o da pandemia do Coronav\u00edrus. O material desta semana aponta a chegada, na quinta-feira, de uma massa de ar frio polar que traz frio intenso e geada ao RS e neve na Serra.<\/p>\n<p>De acordo com o boletim lan\u00e7ado nesta ter\u00e7a (18), os modelos de previs\u00e3o indicam forma\u00e7\u00e3o de neve nas serras Ga\u00facha e Catarinense e interior do PR entre a noite de quinta e sexta-feira. O pr\u00f3ximo final de semana ser\u00e1 de frio intenso e temperaturas negativas em diversas cidades da regi\u00e3o Sul do Brasil. Tamb\u00e9m est\u00e1 prevista geada generalizada para todo o RS.<\/p>\n<p>At\u00e9 quinta-feira a semana segue com noites frias e tardes agrad\u00e1veis na metade sul e capital do RS. No norte as chuvas ocorrem na ter\u00e7a e madrugada de quarta-feira. No litoral e capital podem ocorrer chuvas intermitentes na quarta-feira devido a aproxima\u00e7\u00e3o de uma baixa press\u00e3o no oceano Atl\u00e2ntico, que impulsiona o fluxo de umidade do mar para o continente. A metade sul do estado segue sem chuva significativa.<\/p>\n<p>Na quinta-feira uma massa de ar frio polar invade a regi\u00e3o sul-brasileira reduzindo a temperatura a valores extremos entre sexta-feira e s\u00e1bado. Na zona sul os term\u00f4metros v\u00e3o marcar pr\u00f3ximo a zero grau na manh\u00e3 de sexta e s\u00e1bado.<\/p>\n<p>Na capital a m\u00ednima estar\u00e1 pr\u00f3ximo de 5\u02daC ao amanhecer. \u00c0 tarde as m\u00e1ximas n\u00e3o ultrapassar\u00e3o 15\u02daC nas \u00e1reas de capital e noroeste. Em Bag\u00e9 a m\u00ednima ser\u00e1 de -2\u02daC e m\u00e1xima de 10\u02daC na sexta e no s\u00e1bado. Em Cerro Largo, noroeste ga\u00facho, a m\u00ednima poder\u00e1 ser de zero grau e m\u00e1xima de 11\u02daC.<\/p>\n<div id=\"attachment_101510\" style=\"width: 310px\" class=\"wp-caption alignright\"><img aria-describedby=\"caption-attachment-101510\" loading=\"lazy\" class=\"size-medium wp-image-101510\" alt=\"BOLETIM Meteorol\u00f3gico indica neve na Serra e em outras regi\u00f5es do RS\" src=\"http:\/\/diariodamanhapelotas.com.br\/site\/wp-content\/uploads\/2020\/08\/geada02-300x199.jpg\" width=\"300\" height=\"199\" srcset=\"https:\/\/diariodamanhapelotas.com.br\/site\/wp-content\/uploads\/2020\/08\/geada02-300x199.jpg 300w, https:\/\/diariodamanhapelotas.com.br\/site\/wp-content\/uploads\/2020\/08\/geada02-150x99.jpg 150w, https:\/\/diariodamanhapelotas.com.br\/site\/wp-content\/uploads\/2020\/08\/geada02.jpg 800w\" sizes=\"(max-width: 300px) 100vw, 300px\" \/><p id=\"caption-attachment-101510\" class=\"wp-caption-text\">BOLETIM Meteorol\u00f3gico indica neve na Serra e em outras regi\u00f5es do RS<\/p><\/div>\n<p>Nas serras Ga\u00facha e Catarinense e interior do PR h\u00e1 previs\u00e3o de neve entre a noite de quinta-feira e sexta com possibilidade de ocorr\u00eancia em v\u00e1rias cidades da regi\u00e3o sul do Brasil.<\/p>\n<p>Devido \u00e0 entrada do ar frio e seco h\u00e1 previs\u00e3o de geada generalizada nas madrugadas e manh\u00e3s de sexta e s\u00e1bado do RS.<\/p>\n<p><b>PREVIS\u00d5ES E AN\u00c1LISES<\/b><\/p>\n<p>O boletim tem, al\u00e9m da previs\u00e3o para a semana, a tend\u00eancia para o final de agosto, a previs\u00e3o clim\u00e1tica para o trimestre agosto-setembro-outubro, Boletim Clim\u00e1tico de Inverno e previs\u00e3o para Inverno 2020.<\/p>\n<p>O conte\u00fado foi elaborado de forma colaborativa entre o CPMET, alunos e professores de gradua\u00e7\u00e3o e p\u00f3s-gradua\u00e7\u00e3o da Faculdade de Meteorologia da UFPel.<\/p>\n","protected":false},"excerpt":{"rendered":"<p>O Centro de Pesquisas e Previs\u00f5es Meteorol\u00f3gicas (CPMET) da Universidade Federal de Pelotas (UFPel) est\u00e1 elaborando boletins especiais de previs\u00e3o meteorol\u00f3gica em fun\u00e7\u00e3o da pandemia do Coronav\u00edrus. O material desta<\/p>\n","protected":false},"author":4,"featured_media":101510,"comment_status":"closed","ping_status":"closed","sticky":false,"template":"","format":"standard","meta":[],"categories":[305,857],"tags":[],"_links":{"self":[{"href":"https:\/\/diariodamanhapelotas.com.br\/site\/wp-json\/wp\/v2\/posts\/101509"}],"collection":[{"href":"https:\/\/diariodamanhapelotas.com.br\/site\/wp-json\/wp\/v2\/posts"}],"about":[{"href":"https:\/\/diariodamanhapelotas.com.br\/site\/wp-json\/wp\/v2\/types\/post"}],"author":[{"embeddable":true,"href":"https:\/\/diariodamanhapelotas.com.br\/site\/wp-json\/wp\/v2\/users\/4"}],"replies":[{"embeddable":true,"href":"https:\/\/diariodamanhapelotas.com.br\/site\/wp-json\/wp\/v2\/comments?post=101509"}],"version-history":[{"count":1,"href":"https:\/\/diariodamanhapelotas.com.br\/site\/wp-json\/wp\/v2\/posts\/101509\/revisions"}],"predecessor-version":[{"id":101511,"href":"https:\/\/diariodamanhapelotas.com.br\/site\/wp-json\/wp\/v2\/posts\/101509\/revisions\/101511"}],"wp:featuredmedia":[{"embeddable":true,"href":"https:\/\/diariodamanhapelotas.com.br\/site\/wp-json\/wp\/v2\/media\/101510"}],"wp:attachment":[{"href":"https:\/\/diariodamanhapelotas.com.br\/site\/wp-json\/wp\/v2\/media?parent=101509"}],"wp:term":[{"taxonomy":"category","embeddable":true,"href":"https:\/\/diariodamanhapelotas.com.br\/site\/wp-json\/wp\/v2\/categories?post=101509"},{"taxonomy":"post_tag","embeddable":true,"href":"https:\/\/diariodamanhapelotas.com.br\/site\/wp-json\/wp\/v2\/tags?post=101509"}],"curies":[{"name":"wp","href":"https:\/\/api.w.org\/{rel}","templated":true}]}}