{"id":102251,"date":"2020-09-15T09:19:21","date_gmt":"2020-09-15T12:19:21","guid":{"rendered":"http:\/\/diariodamanhapelotas.com.br\/site\/?p=102251"},"modified":"2020-09-15T09:19:21","modified_gmt":"2020-09-15T12:19:21","slug":"semana-farroupilha-governador-eduardo-leite-recebe-chama-crioula-no-palacio-piratini","status":"publish","type":"post","link":"https:\/\/diariodamanhapelotas.com.br\/site\/semana-farroupilha-governador-eduardo-leite-recebe-chama-crioula-no-palacio-piratini\/","title":{"rendered":"SEMANA FARROUPILHA : Governador Eduardo Leite recebe Chama Crioula no Pal\u00e1cio Piratini"},"content":{"rendered":"<p>Nem o dia frio e cinzento demoveu os cavalarianos da miss\u00e3o de trazer a Chama Crioula at\u00e9 o Pal\u00e1cio Piratini na manh\u00e3 de ontem. Acesa no munic\u00edpio de Gua\u00edba, a centelha, pela primeira vez, percorreu o mesmo trajeto feito pelos Farroupilhas em 1835, atravessando o rio para chegar \u00e0 capital. O ato de acendimento ocorre desde 1947 e espalha a chama pelas 30 regi\u00f5es tradicionalistas do Rio Grande do Sul. At\u00e9 o dia 20 de setembro, o Pal\u00e1cio Piratini ser\u00e1 a morada deste s\u00edmbolo do tradicionalismo ga\u00facho.<\/p>\n<div id=\"attachment_102253\" style=\"width: 310px\" class=\"wp-caption alignleft\"><img aria-describedby=\"caption-attachment-102253\" loading=\"lazy\" class=\"size-medium wp-image-102253\" alt=\"CAVALARIANOS trouxeram a centelha acesa no S\u00edtio Hist\u00f3rico, em Gua\u00edba, at\u00e9 a capital\" src=\"http:\/\/diariodamanhapelotas.com.br\/site\/wp-content\/uploads\/2020\/09\/chama-crioula-no-piratini-02-300x199.jpg\" width=\"300\" height=\"199\" srcset=\"https:\/\/diariodamanhapelotas.com.br\/site\/wp-content\/uploads\/2020\/09\/chama-crioula-no-piratini-02-300x199.jpg 300w, https:\/\/diariodamanhapelotas.com.br\/site\/wp-content\/uploads\/2020\/09\/chama-crioula-no-piratini-02-150x99.jpg 150w, https:\/\/diariodamanhapelotas.com.br\/site\/wp-content\/uploads\/2020\/09\/chama-crioula-no-piratini-02.jpg 800w\" sizes=\"(max-width: 300px) 100vw, 300px\" \/><p id=\"caption-attachment-102253\" class=\"wp-caption-text\">CAVALARIANOS trouxeram a centelha acesa no S\u00edtio Hist\u00f3rico, em Gua\u00edba, at\u00e9 a capital<\/p><\/div>\n<p>OS CAVALARIANOS trouxeram no catamar\u00e3 a centelha acesa no S\u00edtio Hist\u00f3rico, em Gua\u00edba, at\u00e9 a capital. Em Porto Alegre, a chama foi recebida pelo governador Eduardo Leite, pelo vice-governador Ranolfo Vieira J\u00fanior, pela secret\u00e1ria adjunta da Cultura, Gabriella Meindrad, pela patrona dos Festejos Farroupilhas, Alessandra Carvalho da Mota, pela presidente do Movimento Tradicionalista Ga\u00facho, Gilda Galeazzi, e pelo presidente da Assembleia Legislativa, deputado Ernani Polo.<\/p>\n<p>\u00c9 a primeira vez que Leite recebe a Chama Crioula no Pal\u00e1cio Piratini. No ano passado, as honras foram feitas pelo vice-governador Ranolfo Vieira J\u00fanior. Ao se acender o candeeiro, ficam oficialmente abertos os festejos da Semana Farroupilha no Estado.<\/p>\n<p>&#8220;Rememorar essa hist\u00f3ria de lutas do nosso passado e dos nossos antepassados \u00e9 importante neste momento em que precisamos de resist\u00eancia e de resili\u00eancia diante de um novo tipo de advers\u00e1rio, o coronav\u00edrus. Dizem que estamos vivendo uma guerra invis\u00edvel, e se enfrentamos uma guerra, temos o privil\u00e9gio, no nosso Estado, de, ao olhar para o passado, relembrar a epopeia farroupilha como uma grande guerra que nossos antepassados travaram pelos seus ideais e valores, e que nesse momento nos inspiram&#8221;, exaltou o governador.<\/p>\n<p>AO FINAL dos pronunciamentos, os m\u00fasicos Renato Borghetti e Marcelo Cachoeira executaram o\u00a0<em>Hino do Rio Grande do Sul<\/em>. Neste ano, o tema dos Festejos Farroupilhas homenagear\u00e1 e observar\u00e1 a amplitude que a cultura ga\u00facha alcan\u00e7a por meio do cultivo das tradi\u00e7\u00f5es. &#8220;Ga\u00fachos sem fronteiras&#8221; pretende retratar a hist\u00f3ria de homens e mulheres que, al\u00e9m das fronteiras do Estado, continuam a vergar sua pilcha, tomar seu chimarr\u00e3o e participar de manifesta\u00e7\u00f5es culturais, seja por meio da m\u00fasica, da literatura ou apreciando churrasco.<\/p>\n<p>EM RAZ\u00c3O da pandemia e obedecendo aos protocolos de distanciamento social, a programa\u00e7\u00e3o ser\u00e1 on-line. A\u00a0<a href=\"https:\/\/snw11.maxx.mobi\/link.php?M=623963&amp;N=1930&amp;L=1748&amp;F=H\" target=\"_blank\">proposta<\/a>\u00a0\u00e9 que estudantes e a comunidade ga\u00facha possam captar imagens das suas cidades por meio de v\u00eddeos gravados com celular e que ser\u00e3o divulgados nas redes sociais da Secretaria da Cultura (Sedac). Ainda que sem os piquetes, a programa\u00e7\u00e3o prevista ser\u00e1 intensa.<\/p>\n","protected":false},"excerpt":{"rendered":"<p>Nem o dia frio e cinzento demoveu os cavalarianos da miss\u00e3o de trazer a Chama Crioula at\u00e9 o Pal\u00e1cio Piratini na manh\u00e3 de ontem. Acesa no munic\u00edpio de Gua\u00edba, a<\/p>\n","protected":false},"author":4,"featured_media":102252,"comment_status":"closed","ping_status":"closed","sticky":false,"template":"","format":"standard","meta":[],"categories":[305,857],"tags":[],"_links":{"self":[{"href":"https:\/\/diariodamanhapelotas.com.br\/site\/wp-json\/wp\/v2\/posts\/102251"}],"collection":[{"href":"https:\/\/diariodamanhapelotas.com.br\/site\/wp-json\/wp\/v2\/posts"}],"about":[{"href":"https:\/\/diariodamanhapelotas.com.br\/site\/wp-json\/wp\/v2\/types\/post"}],"author":[{"embeddable":true,"href":"https:\/\/diariodamanhapelotas.com.br\/site\/wp-json\/wp\/v2\/users\/4"}],"replies":[{"embeddable":true,"href":"https:\/\/diariodamanhapelotas.com.br\/site\/wp-json\/wp\/v2\/comments?post=102251"}],"version-history":[{"count":1,"href":"https:\/\/diariodamanhapelotas.com.br\/site\/wp-json\/wp\/v2\/posts\/102251\/revisions"}],"predecessor-version":[{"id":102254,"href":"https:\/\/diariodamanhapelotas.com.br\/site\/wp-json\/wp\/v2\/posts\/102251\/revisions\/102254"}],"wp:featuredmedia":[{"embeddable":true,"href":"https:\/\/diariodamanhapelotas.com.br\/site\/wp-json\/wp\/v2\/media\/102252"}],"wp:attachment":[{"href":"https:\/\/diariodamanhapelotas.com.br\/site\/wp-json\/wp\/v2\/media?parent=102251"}],"wp:term":[{"taxonomy":"category","embeddable":true,"href":"https:\/\/diariodamanhapelotas.com.br\/site\/wp-json\/wp\/v2\/categories?post=102251"},{"taxonomy":"post_tag","embeddable":true,"href":"https:\/\/diariodamanhapelotas.com.br\/site\/wp-json\/wp\/v2\/tags?post=102251"}],"curies":[{"name":"wp","href":"https:\/\/api.w.org\/{rel}","templated":true}]}}