{"id":107782,"date":"2021-04-09T08:43:07","date_gmt":"2021-04-09T11:43:07","guid":{"rendered":"https:\/\/diariodamanhapelotas.com.br\/site\/?p=107782"},"modified":"2021-04-09T08:45:58","modified_gmt":"2021-04-09T11:45:58","slug":"pelotas-ja-aplicou-mais-de-55-mil-doses-de-vacina","status":"publish","type":"post","link":"https:\/\/diariodamanhapelotas.com.br\/site\/pelotas-ja-aplicou-mais-de-55-mil-doses-de-vacina\/","title":{"rendered":"Pelotas j\u00e1 aplicou mais de 55 mil doses de vacina"},"content":{"rendered":"<p class=\"x_MsoNormal\" align=\"center\" data-ogsb=\"white\"><span data-ogsc=\"black\">Nesta quinta-feira (8), 2.802 idosos foram imunizados, somando a vacina\u00e7\u00e3o no drive-thru e nas escolas selecionadas. As aplica\u00e7\u00f5es continuam na sexta-feira (9) nas escolas municipais<\/span><\/p>\n<p class=\"x_MsoNormal\" data-ogsb=\"white\"><span data-ogsc=\"black\">Dados do\u00a0Departamento de Inform\u00e1tica do SUS (Formsus), registrados at\u00e9 as 17h desta quinta-feira (8), mostram que\u00a0Pelotas\u00a0j\u00e1 aplicou\u00a055.287 doses da vacina\u00a0contra o\u00a0coronav\u00edrus. Desse total, 44.766 pessoas receberam a primeira dose do imunizante, enquanto 10.521 cidad\u00e3os foram beneficiados com a segunda dose. Isso demonstra que mais de\u00a013%\u00a0da popula\u00e7\u00e3o iniciou o processo de imuniza\u00e7\u00e3o.<\/span><\/p>\n<p class=\"x_MsoNormal\" data-ogsb=\"white\"><span data-ogsc=\"black\"><img loading=\"lazy\" class=\"alignleft size-medium wp-image-107784\" src=\"https:\/\/diariodamanhapelotas.com.br\/site\/wp-content\/uploads\/2021\/04\/vacinacao-covid-02-300x200.jpg\" alt=\"\" width=\"300\" height=\"200\" srcset=\"https:\/\/diariodamanhapelotas.com.br\/site\/wp-content\/uploads\/2021\/04\/vacinacao-covid-02-300x200.jpg 300w, https:\/\/diariodamanhapelotas.com.br\/site\/wp-content\/uploads\/2021\/04\/vacinacao-covid-02-150x100.jpg 150w, https:\/\/diariodamanhapelotas.com.br\/site\/wp-content\/uploads\/2021\/04\/vacinacao-covid-02-768x512.jpg 768w, https:\/\/diariodamanhapelotas.com.br\/site\/wp-content\/uploads\/2021\/04\/vacinacao-covid-02.jpg 800w\" sizes=\"(max-width: 300px) 100vw, 300px\" \/>Dando prosseguimento \u00e0s aplica\u00e7\u00f5es, nesta quinta-feira, 2.802 pessoas foram vacinadas na cidade. No total, 2.076 idosos de 63 anos ou mais compareceram aos pavilh\u00f5es do Centro de Eventos da Fenadoce e receberam a dose aplicada pelos profissionais de sa\u00fade. Simultaneamente, 726 pessoas com, pelo menos, 66 anos, tamb\u00e9m receberam a Coronavac em uma das sete escolas escolhidas como pontos da campanha.<\/span><\/p>\n<p class=\"x_MsoNormal\" data-ogsb=\"white\"><b><span data-ogsc=\"rgb(34, 34, 34)\">A imuniza\u00e7\u00e3o continua<\/span><\/b><\/p>\n<p class=\"x_MsoNormal\" data-ogsb=\"white\"><span data-ogsc=\"black\">Idosos de 65 anos ou mais poder\u00e3o procurar uma das sete escolas selecionadas, nesta sexta-feira (9), para se imunizar contra o coronav\u00edrus. Estar\u00e3o dispon\u00edveis mil doses, divididas entre os locais abaixo, das 10 \u00e0s 15h.<\/span><\/p>\n<p class=\"x_MsoNormal\" data-ogsb=\"white\"><b><span data-ogsc=\"rgb(34, 34, 34)\">Saiba onde ir e quantas doses ser\u00e3o disponibilizadas<\/span><\/b><\/p>\n<p class=\"x_MsoNormal\" data-ogsb=\"white\"><span data-ogsc=\"black\">&#8211; EMEF Balbino Mascarenhas &#8211; rua C\u00e2ndido Augusto de Mello, 415 (Sim\u00f5es Lopes) &#8211; 100 doses por dia<\/span><\/p>\n<p class=\"x_MsoNormal\" data-ogsb=\"white\"><span data-ogsc=\"black\">&#8211; Col\u00e9gio Pelotense &#8211; rua Marc\u00edlio Dias, 1.597 (Centro) &#8211; 200 doses por dia<\/span><\/p>\n<p class=\"x_MsoNormal\" data-ogsb=\"white\"><span data-ogsc=\"black\">&#8211; EMEF Ministro Fernando Os\u00f3rio &#8211; avenida Fernando Os\u00f3rio, 1.522 (Tr\u00eas Vendas) &#8211; 200 doses por dia<\/span><\/p>\n<p class=\"x_MsoNormal\" data-ogsb=\"white\"><span data-ogsc=\"black\">&#8211; EMEF Ferreira Viana &#8211; rua Jo\u00e3o Tomaz Munhoz, s\/n\u00b0 (S\u00e3o Gon\u00e7alo) &#8211; 100 doses por dia<\/span><\/p>\n<p class=\"x_MsoNormal\" data-ogsb=\"white\"><span data-ogsc=\"black\">&#8211; EMEF Afonso Vizeu &#8211; rua Francisco Moreira, 285 (Areal) &#8211; 200 doses por dia<\/span><\/p>\n<p class=\"x_MsoNormal\" data-ogsb=\"white\"><span data-ogsc=\"black\">&#8211; EMEF Francisco Caruccio &#8211; rua Leopoldo Brod, 3.220 (Tr\u00eas Vendas) &#8211; 100 doses por dia<\/span><\/p>\n<p class=\"x_MsoNormal\" data-ogsb=\"white\"><span data-ogsc=\"black\">&#8211; EMEF Francisco Barreto &#8211; rua Triunfo, 2.257 (Laranjal) &#8211; 100 doses por dia<\/span><\/p>\n<p class=\"x_MsoNormal\" data-ogsb=\"white\"><span data-ogsc=\"black\">Na segunda-feira (12), pessoas com 64 anos completos tamb\u00e9m poder\u00e3o procurar a prote\u00e7\u00e3o nas escolas municipais. Na ter\u00e7a-feira (13), cidad\u00e3os a partir dos 63 poder\u00e3o ser vacinados.<\/span><\/p>\n<p class=\"x_MsoNormal\" data-ogsb=\"white\"><b><span data-ogsc=\"rgb(34, 34, 34)\">N\u00e3o esque\u00e7a a documenta\u00e7\u00e3o<\/span><\/b><\/p>\n<p class=\"x_MsoNormal\" data-ogsb=\"white\"><span data-ogsc=\"black\">Em todos os lugares onde est\u00e3o ocorrendo a vacina\u00e7\u00e3o, \u00e9 necess\u00e1rio que os beneficiados compare\u00e7am munidos de identidade, cart\u00e3o SUS ou CPF e comprovante de resid\u00eancia para apresent\u00e1-los na hora da aplica\u00e7\u00e3o da vacina.<\/span><\/p>\n<p class=\"x_MsoNormal\" data-ogsb=\"white\"><span data-ogsc=\"black\">Outro documento necess\u00e1rio \u00e9 o atestado m\u00e9dico, para os seguintes casos:<\/span><\/p>\n<p class=\"x_MsoNormal\" data-ogsb=\"white\"><span data-ogsc=\"black\">&#8211; portadores de doen\u00e7as reum\u00e1ticas imunomediadas;<\/span><\/p>\n<p class=\"x_MsoNormal\" data-ogsb=\"white\"><span data-ogsc=\"black\">&#8211; pacientes oncol\u00f3gicos, transplantados ou demais casos de imunossuprimidos;<\/span><\/p>\n<p class=\"x_MsoNormal\" data-ogsb=\"white\"><span data-ogsc=\"black\">&#8211; pessoas que apresentaram rea\u00e7\u00e3o anafil\u00e1tica confirmada a uma dose anterior de vacina Covid-19 ou a qualquer componente dos imunizantes.<\/span><\/p>\n<p class=\"x_MsoNormal\" data-ogsb=\"white\"><span data-ogsc=\"black\">Al\u00e9m disso, quem faz uso de imunoglobulina humana deve se vacinar com, pelo menos, um m\u00eas de intervalo entre a administra\u00e7\u00e3o da imunoglobulina e o imunizante, a fim de evitar que ocorra interfer\u00eancia na resposta imunol\u00f3gica. N\u00e3o devem ser vacinadas as pessoas que apresentarem sintomas gripais ou demais doen\u00e7as febris nas \u00faltimas quatro semanas.<\/span><\/p>\n<p class=\"x_MsoNormal\" data-ogsb=\"white\"><b><span data-ogsc=\"rgb(34, 34, 34)\">Se puder, leve o formul\u00e1rio preenchido<\/span><\/b><\/p>\n<p class=\"x_MsoNormal\" data-ogsb=\"white\"><span data-ogsc=\"black\">Est\u00e1 dispon\u00edvel para download, no\u00a0<a href=\"https:\/\/www.pelotas.com.br\/coronavirus\" target=\"_blank\" rel=\"noopener noreferrer\" data-auth=\"NotApplicable\" data-linkindex=\"1\" data-ogsc=\"\"><b>hotsite<\/b><\/a>\u00a0do coronav\u00edrus, o formul\u00e1rio de vacina\u00e7\u00e3o, que pode ser levado previamente preenchido a um dos pontos de aplica\u00e7\u00e3o do imunizante.<\/span><\/p>\n<p class=\"x_MsoNormal\" data-ogsb=\"white\"><span data-ogsc=\"black\">Quem optar por levar o documento precisa responder \u00e0s quest\u00f5es que se encontram nas caixas com a indica\u00e7\u00e3o \u201cpreenchimento em letra de forma pelo paciente\u201d. \u00c9 importante ressaltar que n\u00e3o se trata de uma obriga\u00e7\u00e3o, mas uma forma que o poder p\u00fablico encontrou para agilizar o processo de vacina\u00e7\u00e3o.<\/span><\/p>\n<p class=\"x_MsoNormal\" data-ogsb=\"white\"><b><span data-ogsc=\"rgb(34, 34, 34)\">Cuide-se e ajude o pr\u00f3ximo<\/span><\/b><\/p>\n<p class=\"x_MsoNormal\" data-ogsb=\"white\"><span data-ogsc=\"black\">A\u00a0arrecada\u00e7\u00e3o de alimentos\u00a0n\u00e3o-perec\u00edveis (como arroz, feij\u00e3o, massa e outros), al\u00e9m de leite e produtos de higiene e limpeza, prossegue nos dias de imuniza\u00e7\u00e3o. As doa\u00e7\u00f5es ser\u00e3o entregues \u00e0\u00a0Secretaria de Assist\u00eancia Social (SAS)\u00a0e destinadas a fam\u00edlias em vulnerabilidade social ou que estejam enfrentando dificuldades financeiras.<\/span><\/p>\n","protected":false},"excerpt":{"rendered":"<p>Nesta quinta-feira (8), 2.802 idosos foram imunizados, somando a vacina\u00e7\u00e3o no drive-thru e nas escolas selecionadas. As aplica\u00e7\u00f5es continuam na sexta-feira (9) nas escolas municipais Dados do\u00a0Departamento de Inform\u00e1tica do<\/p>\n","protected":false},"author":4,"featured_media":107783,"comment_status":"closed","ping_status":"closed","sticky":false,"template":"","format":"standard","meta":[],"categories":[305,149],"tags":[],"_links":{"self":[{"href":"https:\/\/diariodamanhapelotas.com.br\/site\/wp-json\/wp\/v2\/posts\/107782"}],"collection":[{"href":"https:\/\/diariodamanhapelotas.com.br\/site\/wp-json\/wp\/v2\/posts"}],"about":[{"href":"https:\/\/diariodamanhapelotas.com.br\/site\/wp-json\/wp\/v2\/types\/post"}],"author":[{"embeddable":true,"href":"https:\/\/diariodamanhapelotas.com.br\/site\/wp-json\/wp\/v2\/users\/4"}],"replies":[{"embeddable":true,"href":"https:\/\/diariodamanhapelotas.com.br\/site\/wp-json\/wp\/v2\/comments?post=107782"}],"version-history":[{"count":1,"href":"https:\/\/diariodamanhapelotas.com.br\/site\/wp-json\/wp\/v2\/posts\/107782\/revisions"}],"predecessor-version":[{"id":107785,"href":"https:\/\/diariodamanhapelotas.com.br\/site\/wp-json\/wp\/v2\/posts\/107782\/revisions\/107785"}],"wp:featuredmedia":[{"embeddable":true,"href":"https:\/\/diariodamanhapelotas.com.br\/site\/wp-json\/wp\/v2\/media\/107783"}],"wp:attachment":[{"href":"https:\/\/diariodamanhapelotas.com.br\/site\/wp-json\/wp\/v2\/media?parent=107782"}],"wp:term":[{"taxonomy":"category","embeddable":true,"href":"https:\/\/diariodamanhapelotas.com.br\/site\/wp-json\/wp\/v2\/categories?post=107782"},{"taxonomy":"post_tag","embeddable":true,"href":"https:\/\/diariodamanhapelotas.com.br\/site\/wp-json\/wp\/v2\/tags?post=107782"}],"curies":[{"name":"wp","href":"https:\/\/api.w.org\/{rel}","templated":true}]}}