{"id":109268,"date":"2021-05-31T09:39:02","date_gmt":"2021-05-31T12:39:02","guid":{"rendered":"https:\/\/diariodamanhapelotas.com.br\/site\/?p=109268"},"modified":"2021-05-31T09:39:02","modified_gmt":"2021-05-31T12:39:02","slug":"alerta-para-riscos-do-uso-indiscriminado-de-paracetamol","status":"publish","type":"post","link":"https:\/\/diariodamanhapelotas.com.br\/site\/alerta-para-riscos-do-uso-indiscriminado-de-paracetamol\/","title":{"rendered":"Alerta para riscos do uso indiscriminado de paracetamol"},"content":{"rendered":"<p style=\"text-align: center;\"><strong>Recomenda\u00e7\u00e3o \u00e9 fazer uso conforme as indica\u00e7\u00f5es contidas na bula<\/strong><\/p>\n<p>O uso indiscriminado de paracetamol para al\u00edvio de dores e febre ap\u00f3s a vacina\u00e7\u00e3o contra covid-19 pode levar a eventos adversos graves, incluindo hepatite medicamentosa e morte. O alerta \u00e9 da Ag\u00eancia Nacional de Vigil\u00e2ncia Sanit\u00e1ria (Anvisa).<\/p>\n<p>De acordo com a ag\u00eancia, o paracetamol deve ser usado com cautela, \u201csempre observando a dose m\u00e1xima di\u00e1ria e o intervalo entre as doses, conforme as recomenda\u00e7\u00f5es contidas na bula, para cada faixa et\u00e1ria\u201d.<\/p>\n<p>A Ger\u00eancia-Geral de Monitoramento de Produtos Sujeitos \u00e0 Vigil\u00e2ncia Sanit\u00e1ria recomenda aos profissionais de sa\u00fade e \u00e0 popula\u00e7\u00e3o que notifiquem \u00e0 Anvisa os casos de rea\u00e7\u00f5es indesejadas ap\u00f3s o uso do medicamento.<\/p>\n<p>As principais rea\u00e7\u00f5es observadas ap\u00f3s a vacina\u00e7\u00e3o contra covid-19 s\u00e3o febre e dores de cabe\u00e7a e no corpo, que variam de leves a moderadas. Mas \u00e9 bom lembrar que esses efeitos devem desaparecer em poucos dias.<\/p>\n<h2>Notifica\u00e7\u00e3o<\/h2>\n<p>A ocorr\u00eancia de quaisquer efeitos indesejados ap\u00f3s a utiliza\u00e7\u00e3o de paracetamol e de outros medicamentos deve ser imediatamente registrada\u202fpor meio do\u00a0<a href=\"http:\/\/antigo.anvisa.gov.br\/vigimed\"><strong>VigiMed<\/strong><\/a>, sistema da Anvisa destinado \u00e0s notifica\u00e7\u00f5es de eventos adversos, tanto por cidad\u00e3os quanto por servi\u00e7os de sa\u00fade. J\u00e1 as suspeitas de desvios de qualidade (queixas t\u00e9cnicas) referentes a f\u00e1rmacos em institui\u00e7\u00f5es de sa\u00fade devem ser registradas por meio do\u00a0<a href=\"https:\/\/www8.anvisa.gov.br\/notivisa\/frmlogin.asp\"><strong>Notivisa<\/strong><\/a>.<\/p>\n<p>A Anvisa destaca que \u00e9 de suma import\u00e2ncia a notifica\u00e7\u00e3o ter um conjunto de informa\u00e7\u00f5es, como a identifica\u00e7\u00e3o detalhada do medicamento suspeito, dados do fabricante, concentra\u00e7\u00e3o e lote, bem como a dose e o seu tempo de uso.<\/p>\n<h2>Aten\u00e7\u00e3o ao uso correto<\/h2>\n<p>De acordo com a Ger\u00eancia-Geral de Monitoramento, o paracetamol vem sendo utilizado para aliviar sintomas de eventos adversos p\u00f3s-vacinais, como febre e dores de cabe\u00e7a. Entretanto, a utiliza\u00e7\u00e3o incorreta pode causar eventos adversos graves, incluindo hepatite medicamentosa com desfecho fatal, quando o uso \u00e9 prolongado ou acima da dose m\u00e1xima di\u00e1ria.<\/p>\n<p>Deve-se ter em mente que para qualquer medicamento existe um risco associado ao seu consumo. Por isso, \u00e9 fundamental que o produto seja utilizado de forma correta, seguindo as recomenda\u00e7\u00f5es da bula e as orienta\u00e7\u00f5es dos profissionais de sa\u00fade.<\/p>\n<h2>Recomenda\u00e7\u00f5es<\/h2>\n<p>Confira abaixo as informa\u00e7\u00f5es sobre a dose m\u00e1xima di\u00e1ria de paracetamol para cada faixa et\u00e1ria, conforme a bula do medicamento:<\/p>\n<ul>\n<li>Adultos e crian\u00e7as acima de 12 anos: dose m\u00e1xima de 4 gramas em um dia.<\/li>\n<li>Crian\u00e7as entre 2 e 11 anos:\u202fn\u00e3o devem ser utilizados mais de 50-75 mg\/kg em um dia (24 horas).<\/li>\n<li>Para crian\u00e7as abaixo de 11 kg ou 2 anos ou com menos de 20 kg:\u202fconsulte o m\u00e9dico antes de usar.<\/li>\n<\/ul>\n","protected":false},"excerpt":{"rendered":"<p>Recomenda\u00e7\u00e3o \u00e9 fazer uso conforme as indica\u00e7\u00f5es contidas na bula O uso indiscriminado de paracetamol para al\u00edvio de dores e febre ap\u00f3s a vacina\u00e7\u00e3o contra covid-19 pode levar a eventos<\/p>\n","protected":false},"author":4,"featured_media":109269,"comment_status":"closed","ping_status":"closed","sticky":false,"template":"","format":"standard","meta":[],"categories":[305,150],"tags":[],"_links":{"self":[{"href":"https:\/\/diariodamanhapelotas.com.br\/site\/wp-json\/wp\/v2\/posts\/109268"}],"collection":[{"href":"https:\/\/diariodamanhapelotas.com.br\/site\/wp-json\/wp\/v2\/posts"}],"about":[{"href":"https:\/\/diariodamanhapelotas.com.br\/site\/wp-json\/wp\/v2\/types\/post"}],"author":[{"embeddable":true,"href":"https:\/\/diariodamanhapelotas.com.br\/site\/wp-json\/wp\/v2\/users\/4"}],"replies":[{"embeddable":true,"href":"https:\/\/diariodamanhapelotas.com.br\/site\/wp-json\/wp\/v2\/comments?post=109268"}],"version-history":[{"count":1,"href":"https:\/\/diariodamanhapelotas.com.br\/site\/wp-json\/wp\/v2\/posts\/109268\/revisions"}],"predecessor-version":[{"id":109270,"href":"https:\/\/diariodamanhapelotas.com.br\/site\/wp-json\/wp\/v2\/posts\/109268\/revisions\/109270"}],"wp:featuredmedia":[{"embeddable":true,"href":"https:\/\/diariodamanhapelotas.com.br\/site\/wp-json\/wp\/v2\/media\/109269"}],"wp:attachment":[{"href":"https:\/\/diariodamanhapelotas.com.br\/site\/wp-json\/wp\/v2\/media?parent=109268"}],"wp:term":[{"taxonomy":"category","embeddable":true,"href":"https:\/\/diariodamanhapelotas.com.br\/site\/wp-json\/wp\/v2\/categories?post=109268"},{"taxonomy":"post_tag","embeddable":true,"href":"https:\/\/diariodamanhapelotas.com.br\/site\/wp-json\/wp\/v2\/tags?post=109268"}],"curies":[{"name":"wp","href":"https:\/\/api.w.org\/{rel}","templated":true}]}}