{"id":116327,"date":"2022-03-02T08:41:51","date_gmt":"2022-03-02T11:41:51","guid":{"rendered":"https:\/\/diariodamanhapelotas.com.br\/site\/?p=116327"},"modified":"2022-03-02T08:41:51","modified_gmt":"2022-03-02T11:41:51","slug":"zona-norte-campanha-solidaria-arrecada-material-escolar-para-criancas","status":"publish","type":"post","link":"https:\/\/diariodamanhapelotas.com.br\/site\/zona-norte-campanha-solidaria-arrecada-material-escolar-para-criancas\/","title":{"rendered":"ZONA NORTE : Campanha solid\u00e1ria arrecada  material escolar para crian\u00e7as"},"content":{"rendered":"<p style=\"text-align: center;\"><strong>ONG \u201cFa\u00e7a uma Crian\u00e7a Sonhar\u201d entrega Kits<\/strong><\/p>\n<p>Por Carlos Cogoy<\/p>\n<p>Dois cadernos, l\u00e1pis, borracha, apontador, estojo, canetinhas, l\u00e1pis de cor, caneta azul e cola. Itens que comp\u00f5em o Kit escolar, iniciativa da ONG Fa\u00e7a uma Crian\u00e7a Sonhar, sediada na zona norte. Conforme a assistente social Silvia \u201cSissa\u201d Santana Solonet Goia, que coordena a ONG do bairro Get\u00falio Vargas (BGV), com a campanha de doa\u00e7\u00f5es, foi poss\u00edvel organizar 162 kits. Al\u00e9m dos kits, a ONG que est\u00e1 em atividade h\u00e1 tr\u00eas anos, tamb\u00e9m distribuiu oitenta mochilas na quinta-feira. Com a chegada de mar\u00e7o, a campanha prossegue ativa. Doa\u00e7\u00f5es podem ser feitas na sede da ONG, \u00e0 avenida 2 n\u00famero 324. Informa\u00e7\u00f5es via WhatsApp: (53) 9 9115.1802.<\/p>\n<div id=\"attachment_116330\" style=\"width: 131px\" class=\"wp-caption alignleft\"><img aria-describedby=\"caption-attachment-116330\" loading=\"lazy\" class=\"size-thumbnail wp-image-116330\" src=\"https:\/\/diariodamanhapelotas.com.br\/site\/wp-content\/uploads\/2022\/03\/kits-escolares-sissa-121x150.jpg\" alt=\"\" width=\"121\" height=\"150\" srcset=\"https:\/\/diariodamanhapelotas.com.br\/site\/wp-content\/uploads\/2022\/03\/kits-escolares-sissa-121x150.jpg 121w, https:\/\/diariodamanhapelotas.com.br\/site\/wp-content\/uploads\/2022\/03\/kits-escolares-sissa-242x300.jpg 242w, https:\/\/diariodamanhapelotas.com.br\/site\/wp-content\/uploads\/2022\/03\/kits-escolares-sissa.jpg 484w\" sizes=\"(max-width: 121px) 100vw, 121px\" \/><p id=\"caption-attachment-116330\" class=\"wp-caption-text\">Sissa Solonet<\/p><\/div>\n<p><strong>EDUCAR \u2013<\/strong> Sissa Solonet ressalta que a campanha \u201cExercite a solidariedade\u201d, contou com apoio dos projetos Sop\u00e3o Solid\u00e1rio e Barriga Aben\u00e7oada \u2013 iniciativas da ONG \u2013, e foi realizada em parceria com o projeto Conex\u00e3o em Cristo e Quadradinhos do Bem. Ela expressa: \u201cO nosso objetivo \u00e9 educar as crian\u00e7as e adolescentes para a vida, de modo que elas se tornem cada vez mais independentes, e possam ajudar, ao inv\u00e9s de serem ajudadas. Ent\u00e3o, o nosso muito obrigado a todos os amigos e parceiros, que exercitaram a solidariedade, juntando-se ao Sop\u00e3o Solid\u00e1rio e Barriga Aben\u00e7oada, como o Quadradinhos do Bem, e Instituto de Caridade Universal Conex\u00e3o em Cristo\u201d.<\/p>\n<p><strong>SOLIDARIEDADE \u2013<\/strong> H\u00e1 dez anos desenvolvendo a\u00e7\u00f5es solid\u00e1rias na zona norte, Sissa Solonet teve etapas junto \u00e0 ONG Anjos e Querubins e Projeto Jovem Atleta (PJA). Com a cria\u00e7\u00e3o da ONG Fa\u00e7a uma Crian\u00e7a Sonhar, mais de 250 fam\u00edlias em situa\u00e7\u00e3o de vulnerabilidade social, t\u00eam recebido alimentos, roupas, cal\u00e7ados, rem\u00e9dios, m\u00f3veis e material escolar. \u201c\u00c9 muito gratificante ser solid\u00e1rio, e sentimos o quanto faz bem contribuir, n\u00e3o importando a quem, nas mais variadas necessidades\u201d, diz a assistente social.<\/p>\n<div id=\"attachment_116328\" style=\"width: 686px\" class=\"wp-caption aligncenter\"><img aria-describedby=\"caption-attachment-116328\" loading=\"lazy\" class=\" wp-image-116328\" src=\"https:\/\/diariodamanhapelotas.com.br\/site\/wp-content\/uploads\/2022\/03\/kits-escolares-zona-norte-fila.jpg\" alt=\"\" width=\"676\" height=\"330\" srcset=\"https:\/\/diariodamanhapelotas.com.br\/site\/wp-content\/uploads\/2022\/03\/kits-escolares-zona-norte-fila.jpg 795w, https:\/\/diariodamanhapelotas.com.br\/site\/wp-content\/uploads\/2022\/03\/kits-escolares-zona-norte-fila-300x146.jpg 300w, https:\/\/diariodamanhapelotas.com.br\/site\/wp-content\/uploads\/2022\/03\/kits-escolares-zona-norte-fila-150x73.jpg 150w, https:\/\/diariodamanhapelotas.com.br\/site\/wp-content\/uploads\/2022\/03\/kits-escolares-zona-norte-fila-768x375.jpg 768w\" sizes=\"(max-width: 676px) 100vw, 676px\" \/><p id=\"caption-attachment-116328\" class=\"wp-caption-text\">Fila para receber o kit no bairro Get\u00falio Vargas<\/p><\/div>\n","protected":false},"excerpt":{"rendered":"<p>ONG \u201cFa\u00e7a uma Crian\u00e7a Sonhar\u201d entrega Kits Por Carlos Cogoy Dois cadernos, l\u00e1pis, borracha, apontador, estojo, canetinhas, l\u00e1pis de cor, caneta azul e cola. Itens que comp\u00f5em o Kit escolar,<\/p>\n","protected":false},"author":4,"featured_media":116329,"comment_status":"closed","ping_status":"closed","sticky":false,"template":"","format":"standard","meta":[],"categories":[305,30],"tags":[],"_links":{"self":[{"href":"https:\/\/diariodamanhapelotas.com.br\/site\/wp-json\/wp\/v2\/posts\/116327"}],"collection":[{"href":"https:\/\/diariodamanhapelotas.com.br\/site\/wp-json\/wp\/v2\/posts"}],"about":[{"href":"https:\/\/diariodamanhapelotas.com.br\/site\/wp-json\/wp\/v2\/types\/post"}],"author":[{"embeddable":true,"href":"https:\/\/diariodamanhapelotas.com.br\/site\/wp-json\/wp\/v2\/users\/4"}],"replies":[{"embeddable":true,"href":"https:\/\/diariodamanhapelotas.com.br\/site\/wp-json\/wp\/v2\/comments?post=116327"}],"version-history":[{"count":1,"href":"https:\/\/diariodamanhapelotas.com.br\/site\/wp-json\/wp\/v2\/posts\/116327\/revisions"}],"predecessor-version":[{"id":116331,"href":"https:\/\/diariodamanhapelotas.com.br\/site\/wp-json\/wp\/v2\/posts\/116327\/revisions\/116331"}],"wp:featuredmedia":[{"embeddable":true,"href":"https:\/\/diariodamanhapelotas.com.br\/site\/wp-json\/wp\/v2\/media\/116329"}],"wp:attachment":[{"href":"https:\/\/diariodamanhapelotas.com.br\/site\/wp-json\/wp\/v2\/media?parent=116327"}],"wp:term":[{"taxonomy":"category","embeddable":true,"href":"https:\/\/diariodamanhapelotas.com.br\/site\/wp-json\/wp\/v2\/categories?post=116327"},{"taxonomy":"post_tag","embeddable":true,"href":"https:\/\/diariodamanhapelotas.com.br\/site\/wp-json\/wp\/v2\/tags?post=116327"}],"curies":[{"name":"wp","href":"https:\/\/api.w.org\/{rel}","templated":true}]}}