{"id":117607,"date":"2022-04-14T09:00:05","date_gmt":"2022-04-14T12:00:05","guid":{"rendered":"https:\/\/diariodamanhapelotas.com.br\/site\/?p=117607"},"modified":"2022-04-14T09:00:30","modified_gmt":"2022-04-14T12:00:30","slug":"ufpel-encerra-pave-2021-e-anuncia-a-edicao-2022","status":"publish","type":"post","link":"https:\/\/diariodamanhapelotas.com.br\/site\/ufpel-encerra-pave-2021-e-anuncia-a-edicao-2022\/","title":{"rendered":"UFPel encerra PAVE 2021 e anuncia a edi\u00e7\u00e3o 2022"},"content":{"rendered":"<p>A Universidade Federal de Pelotas (UFPel) realizou, no \u00faltimo final de semana (dias 9 e 10 de abril), as etapas 1, 2 e 3 do Programa de Avalia\u00e7\u00e3o da Vida Escolar (PAVE). A edi\u00e7\u00e3o de 2021 contou com mais de 6 mil inscritos nas tr\u00eas etapas que concorrem a 20% das vagas oferecidas nos cursos de gradua\u00e7\u00e3o presenciais no ano letivo de 2022. As provas foram aplicadas em cinco locais e o \u00edndice de absten\u00e7\u00e3o total desta edi\u00e7\u00e3o foi de 10%.<\/p>\n<p>Os gabaritos preliminares est\u00e3o dispon\u00edveis no site do PAVE:\u00a0<a style=\"font-style: inherit; font-weight: inherit;\" href=\"https:\/\/wp.ufpel.edu.br\/pave\/edicao-2021\/\">https:\/\/wp.ufpel.edu.br\/pave\/edicao-2021\/<\/a>.<\/p>\n<p>A divulga\u00e7\u00e3o do gabarito final est\u00e1 prevista para o dia 20 de abril e o resultado final do PAVE 2021, para o dia 20 de maio.<\/p>\n<p>A UFPel e a Central \u00danica de Favelas (CUFA) agradecem o engajamento da comunidade na a\u00e7\u00e3o de combate \u00e0 fome, com a doa\u00e7\u00e3o de alimentos.<\/p>\n<p><strong style=\"font-style: inherit;\">PAVE 2022<\/strong><\/p>\n<p>O PAVE 2022 j\u00e1 possui datas, o edital ser\u00e1 publicado no segundo semestre, com provas previstas para os dias 3 e 4 de dezembro de 2022. Os interessados devem acompanhar as publica\u00e7\u00f5es oficiais pelo site\u00a0<a style=\"font-style: inherit; font-weight: inherit;\" href=\"https:\/\/wp.ufpel.edu.br\/pave\/\">https:\/\/wp.ufpel.edu.br\/pave\/<\/a>\u00a0e seguir o @paveufpel no Instagram. Para fazer o PAVE, \u00e9 importante atualizar o documento de identidade.<\/p>\n<p>&nbsp;<\/p>\n","protected":false},"excerpt":{"rendered":"<p>A Universidade Federal de Pelotas (UFPel) realizou, no \u00faltimo final de semana (dias 9 e 10 de abril), as etapas 1, 2 e 3 do Programa de Avalia\u00e7\u00e3o da Vida<\/p>\n","protected":false},"author":4,"featured_media":91376,"comment_status":"closed","ping_status":"closed","sticky":false,"template":"","format":"standard","meta":[],"categories":[305,30],"tags":[],"_links":{"self":[{"href":"https:\/\/diariodamanhapelotas.com.br\/site\/wp-json\/wp\/v2\/posts\/117607"}],"collection":[{"href":"https:\/\/diariodamanhapelotas.com.br\/site\/wp-json\/wp\/v2\/posts"}],"about":[{"href":"https:\/\/diariodamanhapelotas.com.br\/site\/wp-json\/wp\/v2\/types\/post"}],"author":[{"embeddable":true,"href":"https:\/\/diariodamanhapelotas.com.br\/site\/wp-json\/wp\/v2\/users\/4"}],"replies":[{"embeddable":true,"href":"https:\/\/diariodamanhapelotas.com.br\/site\/wp-json\/wp\/v2\/comments?post=117607"}],"version-history":[{"count":1,"href":"https:\/\/diariodamanhapelotas.com.br\/site\/wp-json\/wp\/v2\/posts\/117607\/revisions"}],"predecessor-version":[{"id":117608,"href":"https:\/\/diariodamanhapelotas.com.br\/site\/wp-json\/wp\/v2\/posts\/117607\/revisions\/117608"}],"wp:featuredmedia":[{"embeddable":true,"href":"https:\/\/diariodamanhapelotas.com.br\/site\/wp-json\/wp\/v2\/media\/91376"}],"wp:attachment":[{"href":"https:\/\/diariodamanhapelotas.com.br\/site\/wp-json\/wp\/v2\/media?parent=117607"}],"wp:term":[{"taxonomy":"category","embeddable":true,"href":"https:\/\/diariodamanhapelotas.com.br\/site\/wp-json\/wp\/v2\/categories?post=117607"},{"taxonomy":"post_tag","embeddable":true,"href":"https:\/\/diariodamanhapelotas.com.br\/site\/wp-json\/wp\/v2\/tags?post=117607"}],"curies":[{"name":"wp","href":"https:\/\/api.w.org\/{rel}","templated":true}]}}