{"id":119001,"date":"2022-06-02T09:22:31","date_gmt":"2022-06-02T12:22:31","guid":{"rendered":"https:\/\/diariodamanhapelotas.com.br\/site\/?p=119001"},"modified":"2022-06-02T09:22:31","modified_gmt":"2022-06-02T12:22:31","slug":"ato-em-lembranca-pelo-caso-rai-duarte-reune-servidores-da-saude-e-torcedores-xavantes","status":"publish","type":"post","link":"https:\/\/diariodamanhapelotas.com.br\/site\/ato-em-lembranca-pelo-caso-rai-duarte-reune-servidores-da-saude-e-torcedores-xavantes\/","title":{"rendered":"Ato em lembran\u00e7a pelo Caso Rai Duarte re\u00fane servidores da sa\u00fade e torcedores xavantes"},"content":{"rendered":"<p>Por: Henrique K\u00f6nig<\/p>\n<p>Bal\u00f5es brancos, faixas de apoio e tristeza nos semblantes em frente ao Hemocentro Regional de Pelotas. A quarta-feira (1\u00ba) marcou o ato para Rai Duarte, cobrando das autoridades e exigindo Justi\u00e7a no caso do torcedor que foi com sa\u00fade para Porto Alegre, n\u00e3o participou da confus\u00e3o ap\u00f3s o jogo entre S\u00e3o Jos\u00e9 e Brasil, segundo testemunhas, mas est\u00e1 hospitalizado em estado grave h\u00e1 31 dias. O que houve com Rai Duarte ap\u00f3s ser encaminhado para fora do \u00f4nibus da excurs\u00e3o por integrantes da Brigada Militar?<\/p>\n<p>\u201cMuito dif\u00edcil o que est\u00e1 acontecendo. O Rai segue em estado grav\u00edssimo, foi retirado de dentro do \u00f4nibus caminhando e agora n\u00e3o sabemos se vai sobreviver ou n\u00e3o. Viemos para o protesto dos colegas, por um cara que era muito trabalhador\u201d, afirmou a torcedora Saionara Borges, em entrevista para o rep\u00f3rter Cesar Porto, da R\u00e1dio Conex\u00e3o Xavante.<\/p>\n<p>\u201cTodos unidos pela mesma causa, pela Justi\u00e7a, em apoio aos familiares do Rai, e principalmente \u00e0 m\u00e3e dele, que n\u00e3o sabemos o quanto est\u00e1 sofrendo, 24 horas por dia envolvida com hospital. O Rai era um cara muito gente boa e merecia passar por nada disso. Queremos que ele volte a estar conosco, com sa\u00fade, e torcemos pela Justi\u00e7a\u201d, comentou o torcedor Vilson.<\/p>\n<p>Alexandre Barea, da Xavarock, tamb\u00e9m se fez presente. \u201cMomento dif\u00edcil, toda comunidade deve se unir. Representamos em nome do torcedor xavante, para que n\u00e3o caia no esquecimento. Uma grande injusti\u00e7a o que ocorreu. Esperamos que ele se recupere e tudo que ocorreu seja esclarecido.<\/p>\n<p>\u201cAutoridades que deviam nos servir est\u00e3o usando da viol\u00eancia sem necessidade. Absolutamente ningu\u00e9m deveria passar pelo que ele passou. Queremos Justi\u00e7a e que n\u00e3o haja esquecimento\u201d, afirmou uma agente de sa\u00fade presente no ato.<\/p>\n<p>\u201cEst\u00e1vamos no jogo, poderia ser com qualquer um de n\u00f3s. Mais de 30 dias desse rapaz hospitalizado. Todos viram o que aconteceu pelas imagens. A cena agrediu a cada um de n\u00f3s e isso torna uma propor\u00e7\u00e3o maior\u201d, completou Karen Guerreiro, da Xavarock.<\/p>\n<p>O evento se estendeu pelo come\u00e7o da tarde, reunindo agentes de sa\u00fade, torcedores rubro-negros e tamb\u00e9m autoridades, como a vereadora Fernanda Miranda (PSOL). O Hemocentro de Pelotas, ao receber doadores, agradece.<\/p>\n","protected":false},"excerpt":{"rendered":"<p>Por: Henrique K\u00f6nig Bal\u00f5es brancos, faixas de apoio e tristeza nos semblantes em frente ao Hemocentro Regional de Pelotas. A quarta-feira (1\u00ba) marcou o ato para Rai Duarte, cobrando das<\/p>\n","protected":false},"author":4,"featured_media":119002,"comment_status":"closed","ping_status":"closed","sticky":false,"template":"","format":"standard","meta":[],"categories":[868,305,29,865],"tags":[],"_links":{"self":[{"href":"https:\/\/diariodamanhapelotas.com.br\/site\/wp-json\/wp\/v2\/posts\/119001"}],"collection":[{"href":"https:\/\/diariodamanhapelotas.com.br\/site\/wp-json\/wp\/v2\/posts"}],"about":[{"href":"https:\/\/diariodamanhapelotas.com.br\/site\/wp-json\/wp\/v2\/types\/post"}],"author":[{"embeddable":true,"href":"https:\/\/diariodamanhapelotas.com.br\/site\/wp-json\/wp\/v2\/users\/4"}],"replies":[{"embeddable":true,"href":"https:\/\/diariodamanhapelotas.com.br\/site\/wp-json\/wp\/v2\/comments?post=119001"}],"version-history":[{"count":1,"href":"https:\/\/diariodamanhapelotas.com.br\/site\/wp-json\/wp\/v2\/posts\/119001\/revisions"}],"predecessor-version":[{"id":119003,"href":"https:\/\/diariodamanhapelotas.com.br\/site\/wp-json\/wp\/v2\/posts\/119001\/revisions\/119003"}],"wp:featuredmedia":[{"embeddable":true,"href":"https:\/\/diariodamanhapelotas.com.br\/site\/wp-json\/wp\/v2\/media\/119002"}],"wp:attachment":[{"href":"https:\/\/diariodamanhapelotas.com.br\/site\/wp-json\/wp\/v2\/media?parent=119001"}],"wp:term":[{"taxonomy":"category","embeddable":true,"href":"https:\/\/diariodamanhapelotas.com.br\/site\/wp-json\/wp\/v2\/categories?post=119001"},{"taxonomy":"post_tag","embeddable":true,"href":"https:\/\/diariodamanhapelotas.com.br\/site\/wp-json\/wp\/v2\/tags?post=119001"}],"curies":[{"name":"wp","href":"https:\/\/api.w.org\/{rel}","templated":true}]}}