{"id":119004,"date":"2022-06-02T09:23:42","date_gmt":"2022-06-02T12:23:42","guid":{"rendered":"https:\/\/diariodamanhapelotas.com.br\/site\/?p=119004"},"modified":"2022-06-02T09:23:42","modified_gmt":"2022-06-02T12:23:42","slug":"atleta-pelotense-beatriz-ribeiro-volta-do-rio-de-janeiro-com-quatro-medalhas","status":"publish","type":"post","link":"https:\/\/diariodamanhapelotas.com.br\/site\/atleta-pelotense-beatriz-ribeiro-volta-do-rio-de-janeiro-com-quatro-medalhas\/","title":{"rendered":"Atleta pelotense Beatriz Ribeiro volta do Rio de Janeiro com quatro medalhas"},"content":{"rendered":"<p>Por: Henrique K\u00f6nig<\/p>\n<p>A atleta pelotense Beatriz Ribeiro fez bonito no Campeonato Carioca de Atletismo M\u00e1ster. Ela competiu entre os dias 28 e 29 de maio e voltou com quatro medalhas. Foram elas: Ouro no lan\u00e7amento de martelo, com a marca de 22,83m, Prata no lan\u00e7amento de disco, com a marca de 14,51m, Bronze no arremesso de peso, com a marca de 5,36m, e Bronze no Revezamento 4x100m. Ela destaca que nem \u00e9 atleta corredora, mas ajudou a equipe na prova.<\/p>\n<div id=\"attachment_119005\" style=\"width: 628px\" class=\"wp-caption aligncenter\"><img aria-describedby=\"caption-attachment-119005\" loading=\"lazy\" class=\" wp-image-119005\" src=\"https:\/\/diariodamanhapelotas.com.br\/site\/wp-content\/uploads\/2022\/06\/02-06-foto-2-beatriz.jpg\" alt=\"\" width=\"618\" height=\"385\" srcset=\"https:\/\/diariodamanhapelotas.com.br\/site\/wp-content\/uploads\/2022\/06\/02-06-foto-2-beatriz.jpg 800w, https:\/\/diariodamanhapelotas.com.br\/site\/wp-content\/uploads\/2022\/06\/02-06-foto-2-beatriz-300x187.jpg 300w, https:\/\/diariodamanhapelotas.com.br\/site\/wp-content\/uploads\/2022\/06\/02-06-foto-2-beatriz-150x93.jpg 150w, https:\/\/diariodamanhapelotas.com.br\/site\/wp-content\/uploads\/2022\/06\/02-06-foto-2-beatriz-768x478.jpg 768w\" sizes=\"(max-width: 618px) 100vw, 618px\" \/><p id=\"caption-attachment-119005\" class=\"wp-caption-text\">Beatriz procura ajuda para garantir as viagens e sua suplementa\u00e7\u00e3o para os treinos; no RJ, teve a oportunidade de conhecer a lenda Robson Caetano<\/p><\/div>\n<p>Experiente competidora no Fisiculturismo e no Halterofilismo (Levantamento de Peso), Beatriz tem no passado cinco t\u00edtulos a n\u00edvel mundial e tr\u00eas anos de recordes no levantamento. No Rio de Janeiro, em competi\u00e7\u00e3o certificada pela ABRAM (Associa\u00e7\u00e3o Brasileira de Atletismo M\u00e1ster), Bia competiu pela primeira vez na temporada. Ela passou a treinar o Atletismo como um novo desafio durante a pandemia.<\/p>\n<p>Representante da equipe chamada de Muvuca da Vov\u00f3, uma ONG, ela destaca o trabalho dos companheiros, no feminino e masculino. \u201cQuero agradecer \u00e0 secretaria de esportes de Pelotas por ter me apresentado \u00e0s modalidades, e \u00e0 minha t\u00e9cnica Cristine Neher pelos treinos, tecnicamente e na muscula\u00e7\u00e3o. Agrade\u00e7o tamb\u00e9m a todos que torcem por mim\u201d, afirmou. Bia competiu na categoria m\u00e1ster dos 60 a 65 anos.<\/p>\n<p>Ela tem o plano de competir no Estadual Paulista em agosto, no Estadual Ga\u00facho em outubro e ainda no Sul-Americano, que ser\u00e1 em Bogot\u00e1, na Col\u00f4mbia.<\/p>\n","protected":false},"excerpt":{"rendered":"<p>Por: Henrique K\u00f6nig A atleta pelotense Beatriz Ribeiro fez bonito no Campeonato Carioca de Atletismo M\u00e1ster. Ela competiu entre os dias 28 e 29 de maio e voltou com quatro<\/p>\n","protected":false},"author":4,"featured_media":119005,"comment_status":"closed","ping_status":"closed","sticky":false,"template":"","format":"standard","meta":[],"categories":[29],"tags":[],"_links":{"self":[{"href":"https:\/\/diariodamanhapelotas.com.br\/site\/wp-json\/wp\/v2\/posts\/119004"}],"collection":[{"href":"https:\/\/diariodamanhapelotas.com.br\/site\/wp-json\/wp\/v2\/posts"}],"about":[{"href":"https:\/\/diariodamanhapelotas.com.br\/site\/wp-json\/wp\/v2\/types\/post"}],"author":[{"embeddable":true,"href":"https:\/\/diariodamanhapelotas.com.br\/site\/wp-json\/wp\/v2\/users\/4"}],"replies":[{"embeddable":true,"href":"https:\/\/diariodamanhapelotas.com.br\/site\/wp-json\/wp\/v2\/comments?post=119004"}],"version-history":[{"count":1,"href":"https:\/\/diariodamanhapelotas.com.br\/site\/wp-json\/wp\/v2\/posts\/119004\/revisions"}],"predecessor-version":[{"id":119006,"href":"https:\/\/diariodamanhapelotas.com.br\/site\/wp-json\/wp\/v2\/posts\/119004\/revisions\/119006"}],"wp:featuredmedia":[{"embeddable":true,"href":"https:\/\/diariodamanhapelotas.com.br\/site\/wp-json\/wp\/v2\/media\/119005"}],"wp:attachment":[{"href":"https:\/\/diariodamanhapelotas.com.br\/site\/wp-json\/wp\/v2\/media?parent=119004"}],"wp:term":[{"taxonomy":"category","embeddable":true,"href":"https:\/\/diariodamanhapelotas.com.br\/site\/wp-json\/wp\/v2\/categories?post=119004"},{"taxonomy":"post_tag","embeddable":true,"href":"https:\/\/diariodamanhapelotas.com.br\/site\/wp-json\/wp\/v2\/tags?post=119004"}],"curies":[{"name":"wp","href":"https:\/\/api.w.org\/{rel}","templated":true}]}}