{"id":119007,"date":"2022-06-02T09:26:40","date_gmt":"2022-06-02T12:26:40","guid":{"rendered":"https:\/\/diariodamanhapelotas.com.br\/site\/?p=119007"},"modified":"2022-06-02T09:26:40","modified_gmt":"2022-06-02T12:26:40","slug":"largo-do-mercado-espetaculo-gratuito-do-grupo-tholl-neste-sabado","status":"publish","type":"post","link":"https:\/\/diariodamanhapelotas.com.br\/site\/largo-do-mercado-espetaculo-gratuito-do-grupo-tholl-neste-sabado\/","title":{"rendered":"LARGO DO MERCADO :  Espet\u00e1culo gratuito do Grupo Tholl neste s\u00e1bado"},"content":{"rendered":"<p>Para estimular a arte circense e aumentar a oferta de manifesta\u00e7\u00f5es culturais, a\u00a0<strong>Prefeitura de Pelotas\u00a0<\/strong>\u00e9 uma das institui\u00e7\u00f5es apoiadoras da apresenta\u00e7\u00e3o\u00a0<strong>\u201cAlegra, a Magia do Circo\u201d<\/strong>, do\u00a0<strong>Grupo Tholl,<\/strong>\u00a0atrav\u00e9s da\u00a0<strong>Secretaria de Cultura (Secult)<\/strong>. O espet\u00e1culo ocorre neste\u00a0<strong>s\u00e1bado (4)<\/strong>, \u00e0s 12h, no\u00a0<strong>Largo do Mercado Central,<\/strong>\u00a0localizado na Pra\u00e7a Sete de Julho, 179, no Centro. O evento \u00e9 gratuito e aberto a todos os p\u00fablicos. Os interessados podem contribuir levando doa\u00e7\u00f5es de 1 kg de alimentos n\u00e3o-perec\u00edveis.<\/p>\n<p>O espet\u00e1culo Alegra faz parte do Circuito Cultural Instituto Unimed\/RS, que realizar\u00e1 ao longo de 2022, 15 apresenta\u00e7\u00f5es gratuitas nas ruas e pra\u00e7as p\u00fablicas do Rio Grande do Sul. Viabilizado pela Lei de Incentivo Estadual Pr\u00f3-Cultura, com recursos do ICMS, o Alegra tem patroc\u00ednio da Central de Servi\u00e7os-RS, apoio do Instituto Unimed\/RS e produ\u00e7\u00e3o do OPTC (Oficinas Permanentes de T\u00e9cnicas Circenses).<\/p>\n<p><strong>Conhe\u00e7a o Grupo Tholl<\/strong><\/p>\n<p>Criado em 1987 em Pelotas, pelo ator Jo\u00e3o Bachilli, o Grupo Tholl \u00e9 patrim\u00f4nio cultural do Estado do Rio Grande do Sul. O Tholl desenvolve apresenta\u00e7\u00f5es na linguagem do &#8220;novo circo&#8221;, ou seja, sem picadeiro e sem lona e j\u00e1 viajou por 12 estados brasileiros e capital federal com seus espet\u00e1culos.<\/p>\n","protected":false},"excerpt":{"rendered":"<p>Para estimular a arte circense e aumentar a oferta de manifesta\u00e7\u00f5es culturais, a\u00a0Prefeitura de Pelotas\u00a0\u00e9 uma das institui\u00e7\u00f5es apoiadoras da apresenta\u00e7\u00e3o\u00a0\u201cAlegra, a Magia do Circo\u201d, do\u00a0Grupo Tholl,\u00a0atrav\u00e9s da\u00a0Secretaria de Cultura<\/p>\n","protected":false},"author":4,"featured_media":119008,"comment_status":"closed","ping_status":"closed","sticky":false,"template":"","format":"standard","meta":[],"categories":[305,32],"tags":[],"_links":{"self":[{"href":"https:\/\/diariodamanhapelotas.com.br\/site\/wp-json\/wp\/v2\/posts\/119007"}],"collection":[{"href":"https:\/\/diariodamanhapelotas.com.br\/site\/wp-json\/wp\/v2\/posts"}],"about":[{"href":"https:\/\/diariodamanhapelotas.com.br\/site\/wp-json\/wp\/v2\/types\/post"}],"author":[{"embeddable":true,"href":"https:\/\/diariodamanhapelotas.com.br\/site\/wp-json\/wp\/v2\/users\/4"}],"replies":[{"embeddable":true,"href":"https:\/\/diariodamanhapelotas.com.br\/site\/wp-json\/wp\/v2\/comments?post=119007"}],"version-history":[{"count":1,"href":"https:\/\/diariodamanhapelotas.com.br\/site\/wp-json\/wp\/v2\/posts\/119007\/revisions"}],"predecessor-version":[{"id":119009,"href":"https:\/\/diariodamanhapelotas.com.br\/site\/wp-json\/wp\/v2\/posts\/119007\/revisions\/119009"}],"wp:featuredmedia":[{"embeddable":true,"href":"https:\/\/diariodamanhapelotas.com.br\/site\/wp-json\/wp\/v2\/media\/119008"}],"wp:attachment":[{"href":"https:\/\/diariodamanhapelotas.com.br\/site\/wp-json\/wp\/v2\/media?parent=119007"}],"wp:term":[{"taxonomy":"category","embeddable":true,"href":"https:\/\/diariodamanhapelotas.com.br\/site\/wp-json\/wp\/v2\/categories?post=119007"},{"taxonomy":"post_tag","embeddable":true,"href":"https:\/\/diariodamanhapelotas.com.br\/site\/wp-json\/wp\/v2\/tags?post=119007"}],"curies":[{"name":"wp","href":"https:\/\/api.w.org\/{rel}","templated":true}]}}