{"id":119016,"date":"2022-06-02T09:40:54","date_gmt":"2022-06-02T12:40:54","guid":{"rendered":"https:\/\/diariodamanhapelotas.com.br\/site\/?p=119016"},"modified":"2022-06-02T09:40:54","modified_gmt":"2022-06-02T12:40:54","slug":"paula-e-idemar-recebem-comissao-da-fenadoce","status":"publish","type":"post","link":"https:\/\/diariodamanhapelotas.com.br\/site\/paula-e-idemar-recebem-comissao-da-fenadoce\/","title":{"rendered":"Paula e Idemar recebem comiss\u00e3o da Fenadoce"},"content":{"rendered":"<p>A prefeita Paula Mascarenhas e o vice Idemar Barz receberam, no Pa\u00e7o Municipal, nesta quarta-feira, a comiss\u00e3o da 28\u00aa Fenadoce de Pelotas. A visita tamb\u00e9m marcou a entrega oficial dos convites, pelas baronesas da Feira, aos chefes do Executivo pelotense. A programa\u00e7\u00e3o come\u00e7a nesta sexta-feira, \u00e0s 14h, e se estende at\u00e9 o dia 19 de junho. A cerim\u00f4nia de abertura oficial ser\u00e1 no dia 9 \u00e0s 18h.<\/p>\n<p>Depois de desejar sucesso \u00e0 Feira e, tamb\u00e9m, \u00e0 corte atual, que aguarda pelo maior evento da cidade desde que foi eleita h\u00e1 dois anos, a prefeita ressaltou a grande expectativa de todos para a volta da festa. &#8220;\u00c9 uma edi\u00e7\u00e3o de supera\u00e7\u00e3o, depois de dois anos de pandemia, com as pessoas sem poder se encontrar. Al\u00e9m disso, \u00e9 a festa que marca a nossa cidade, que \u00e9 a vitrine de Pelotas para o Brasil e o mundo. Em breve, todos poderemos estar juntos e nos deliciando com os nossos doces e, tamb\u00e9m, mostrando os potenciais de Pelotas&#8221;, reiterou Paula.<\/p>\n<p><strong>PRIMEIRA CORTE DE BARONESAS<\/strong><\/p>\n<p>A expectativa \u00e9 grande entre as soberanas que representam a Feira. Com a proposta de inovar e fazer um resgate hist\u00f3rico, ampliando a representatividade, a corte atual foi eleita em novembro de 2019, formada, n\u00e3o mais por rainha e princesas, mas por tr\u00eas baronesas, t\u00edtulo que remonta ao per\u00edodo das charqueadas, pelo qual a cidade ficou conhecida e onde se originaram os doces tradicionais. Essa nova corte \u00e9 composta pelas baronesas Taila Xavier, Elana \u00c1vila e J\u00falia de Mello.<\/p>\n<p>Para a baronesa Taila Xavier, a ansiedade \u00e9 enorme. &#8220;Estamos aguardando desde 2020 pela nossa Fenadoce e, este ano, viveremos doces reencontros, ap\u00f3s termos passado por esses dias dif\u00edceis. Estamos focadas em fazer essa corte muito especial, pois \u00e9 a primeira vez que temos uma sem hierarquia, sem distin\u00e7\u00e3o e com igualdade&#8221;, destacou a soberana.<\/p>\n<p>Al\u00e9m da corte de baronesas, participaram do encontro os conselheiros da C\u00e2mara de Dirigentes Lojistas (CDL) e integrantes da Comiss\u00e3o da Fenadoce, Adriane Silveira, \u00canio Ferreira, Max Michels e Eliane Sedrez.<\/p>\n","protected":false},"excerpt":{"rendered":"<p>A prefeita Paula Mascarenhas e o vice Idemar Barz receberam, no Pa\u00e7o Municipal, nesta quarta-feira, a comiss\u00e3o da 28\u00aa Fenadoce de Pelotas. A visita tamb\u00e9m marcou a entrega oficial dos<\/p>\n","protected":false},"author":4,"featured_media":119017,"comment_status":"closed","ping_status":"closed","sticky":false,"template":"","format":"standard","meta":[],"categories":[305,149],"tags":[],"_links":{"self":[{"href":"https:\/\/diariodamanhapelotas.com.br\/site\/wp-json\/wp\/v2\/posts\/119016"}],"collection":[{"href":"https:\/\/diariodamanhapelotas.com.br\/site\/wp-json\/wp\/v2\/posts"}],"about":[{"href":"https:\/\/diariodamanhapelotas.com.br\/site\/wp-json\/wp\/v2\/types\/post"}],"author":[{"embeddable":true,"href":"https:\/\/diariodamanhapelotas.com.br\/site\/wp-json\/wp\/v2\/users\/4"}],"replies":[{"embeddable":true,"href":"https:\/\/diariodamanhapelotas.com.br\/site\/wp-json\/wp\/v2\/comments?post=119016"}],"version-history":[{"count":1,"href":"https:\/\/diariodamanhapelotas.com.br\/site\/wp-json\/wp\/v2\/posts\/119016\/revisions"}],"predecessor-version":[{"id":119018,"href":"https:\/\/diariodamanhapelotas.com.br\/site\/wp-json\/wp\/v2\/posts\/119016\/revisions\/119018"}],"wp:featuredmedia":[{"embeddable":true,"href":"https:\/\/diariodamanhapelotas.com.br\/site\/wp-json\/wp\/v2\/media\/119017"}],"wp:attachment":[{"href":"https:\/\/diariodamanhapelotas.com.br\/site\/wp-json\/wp\/v2\/media?parent=119016"}],"wp:term":[{"taxonomy":"category","embeddable":true,"href":"https:\/\/diariodamanhapelotas.com.br\/site\/wp-json\/wp\/v2\/categories?post=119016"},{"taxonomy":"post_tag","embeddable":true,"href":"https:\/\/diariodamanhapelotas.com.br\/site\/wp-json\/wp\/v2\/tags?post=119016"}],"curies":[{"name":"wp","href":"https:\/\/api.w.org\/{rel}","templated":true}]}}