{"id":119019,"date":"2022-06-02T09:43:09","date_gmt":"2022-06-02T12:43:09","guid":{"rendered":"https:\/\/diariodamanhapelotas.com.br\/site\/?p=119019"},"modified":"2022-06-02T09:43:09","modified_gmt":"2022-06-02T12:43:09","slug":"inscricoes-para-encceja-2022-terminam-neste-sabado","status":"publish","type":"post","link":"https:\/\/diariodamanhapelotas.com.br\/site\/inscricoes-para-encceja-2022-terminam-neste-sabado\/","title":{"rendered":"Inscri\u00e7\u00f5es para Encceja 2022 terminam neste s\u00e1bado"},"content":{"rendered":"<p>As inscri\u00e7\u00f5es para o Exame Nacional para Certifica\u00e7\u00e3o de Compet\u00eancias de Jovens e Adultos (Encceja) 2022 ficam abertas at\u00e9 o pr\u00f3ximo s\u00e1bado (4). A avalia\u00e7\u00e3o \u00e9 voltada a jovens e adultos que n\u00e3o conclu\u00edram os estudos na idade apropriada para cada etapa de ensino.<br \/>\nSegundo o Instituto Nacional de Estudos e Pesquisas Educacionais An\u00edsio Teixeira (Inep), a participa\u00e7\u00e3o no Encceja Nacional 2022 \u00e9 volunt\u00e1ria e gratuita. Para candidatos do ensino fundamental, a idade m\u00ednima \u00e9 de 15 anos na data da prova, e para o ensino m\u00e9dio, de 18 anos completos.<\/p>\n<p><strong>Provas<\/strong><br \/>\nPara fazer a inscri\u00e7\u00e3o, basta acessar a p\u00e1gina do Encceja 2022 , do Instituto Nacional de Estudos e Pesquisas Educacionais An\u00edsio Teixeira (Inep). Em todas as unidades da federa\u00e7\u00e3o as provas, tanto para os ensinos fundamental e m\u00e9dio, ser\u00e3o aplicadas no dia 28 de agosto.\u00a0 As cidades onde haver\u00e1 prova podem ser consultadas no sistema do exame e no portal do Inep. Nesta edi\u00e7\u00e3o, n\u00e3o ser\u00e1 necess\u00e1rio apresentar justificativa de aus\u00eancia para aqueles que se inscreveram, mas acabaram n\u00e3o fazendo a prova da edi\u00e7\u00e3o anterior. \u201cTamb\u00e9m n\u00e3o ser\u00e1 necess\u00e1rio o pagamento da taxa de ressarcimento para os ausentes no ano passado que v\u00e3o fazer as provas novamente. A medida foi tomada tendo em vista o contexto da pandemia de covid-19 que impediu a realiza\u00e7\u00e3o da \u00faltima edi\u00e7\u00e3o\u201d, informou o instituto.<br \/>\nEncceja<br \/>\nO exame \u00e9 realizado pelo Inep, desde 2002, em colabora\u00e7\u00e3o com as secretarias estaduais e municipais de Educa\u00e7\u00e3o. O Encceja avalia compet\u00eancias, habilidades e saberes adquiridos no processo escolar ou extraescolar dos jovens e adultos.<br \/>\nCom isso, estabelece uma refer\u00eancia nacional de avalia\u00e7\u00e3o para esse p\u00fablico, tendo, assim, uma relev\u00e2ncia multidimensional para a educa\u00e7\u00e3o brasileira. As secretarias de Educa\u00e7\u00e3o e os institutos federais utilizam os resultados do exame como par\u00e2metro para certificar os participantes em n\u00edvel de conclus\u00e3o do ensino fundamental e m\u00e9dio.<\/p>\n<p>&nbsp;<\/p>\n","protected":false},"excerpt":{"rendered":"<p>As inscri\u00e7\u00f5es para o Exame Nacional para Certifica\u00e7\u00e3o de Compet\u00eancias de Jovens e Adultos (Encceja) 2022 ficam abertas at\u00e9 o pr\u00f3ximo s\u00e1bado (4). A avalia\u00e7\u00e3o \u00e9 voltada a jovens e<\/p>\n","protected":false},"author":4,"featured_media":104227,"comment_status":"closed","ping_status":"closed","sticky":false,"template":"","format":"standard","meta":[],"categories":[305,30],"tags":[],"_links":{"self":[{"href":"https:\/\/diariodamanhapelotas.com.br\/site\/wp-json\/wp\/v2\/posts\/119019"}],"collection":[{"href":"https:\/\/diariodamanhapelotas.com.br\/site\/wp-json\/wp\/v2\/posts"}],"about":[{"href":"https:\/\/diariodamanhapelotas.com.br\/site\/wp-json\/wp\/v2\/types\/post"}],"author":[{"embeddable":true,"href":"https:\/\/diariodamanhapelotas.com.br\/site\/wp-json\/wp\/v2\/users\/4"}],"replies":[{"embeddable":true,"href":"https:\/\/diariodamanhapelotas.com.br\/site\/wp-json\/wp\/v2\/comments?post=119019"}],"version-history":[{"count":1,"href":"https:\/\/diariodamanhapelotas.com.br\/site\/wp-json\/wp\/v2\/posts\/119019\/revisions"}],"predecessor-version":[{"id":119020,"href":"https:\/\/diariodamanhapelotas.com.br\/site\/wp-json\/wp\/v2\/posts\/119019\/revisions\/119020"}],"wp:featuredmedia":[{"embeddable":true,"href":"https:\/\/diariodamanhapelotas.com.br\/site\/wp-json\/wp\/v2\/media\/104227"}],"wp:attachment":[{"href":"https:\/\/diariodamanhapelotas.com.br\/site\/wp-json\/wp\/v2\/media?parent=119019"}],"wp:term":[{"taxonomy":"category","embeddable":true,"href":"https:\/\/diariodamanhapelotas.com.br\/site\/wp-json\/wp\/v2\/categories?post=119019"},{"taxonomy":"post_tag","embeddable":true,"href":"https:\/\/diariodamanhapelotas.com.br\/site\/wp-json\/wp\/v2\/tags?post=119019"}],"curies":[{"name":"wp","href":"https:\/\/api.w.org\/{rel}","templated":true}]}}