{"id":119024,"date":"2022-06-02T14:12:12","date_gmt":"2022-06-02T17:12:12","guid":{"rendered":"https:\/\/diariodamanhapelotas.com.br\/site\/?p=119024"},"modified":"2022-06-02T14:12:12","modified_gmt":"2022-06-02T17:12:12","slug":"em-comunicado-oficial-pelotas-desliga-o-tecnico-picoli","status":"publish","type":"post","link":"https:\/\/diariodamanhapelotas.com.br\/site\/em-comunicado-oficial-pelotas-desliga-o-tecnico-picoli\/","title":{"rendered":"Em comunicado oficial, Pelotas desliga o t\u00e9cnico Picoli"},"content":{"rendered":"<p>O EC Pelotas anunciou a sa\u00edda do t\u00e9cnico Picoli e seu auxiliar Fernando Rech. Em sua segunda passagem, pelo Lob\u00e3o, novamente o treinador n\u00e3o completa o Campeonato Ga\u00facho, desta vez da Divis\u00e3o de Acesso. O Pelotas \u00e9 terceiro colocado do Grupo B, com a mesma pontua\u00e7\u00e3o do vice-l\u00edder Lajeadense. A derrota por 2&#215;1, de virada e com jogador a mais, foi o estopim do descontentamento. O Pelotas vem de duas derrotas seguidas nos jogos fora. Em casa, quer manter a invencibilidade no domingo, \u00e0s 15h, diante do Avenida e se aproximar da classifica\u00e7\u00e3o \u00e0s quartas.<\/p>\n<p><strong>Confira a nota oficial do EC Pelotas:<\/strong><\/p>\n<p>&#8220;Em reuni\u00e3o na manh\u00e3 desta quinta-feira, o Departamento de Futebol definiu pelo desligamento do t\u00e9cnico Picoli e seu auxiliar Fernando Rech. O clube agradece os servi\u00e7os do treinador e deseja sucesso em suas futuras jornadas.&#8221;<\/p>\n","protected":false},"excerpt":{"rendered":"<p>O EC Pelotas anunciou a sa\u00edda do t\u00e9cnico Picoli e seu auxiliar Fernando Rech. Em sua segunda passagem, pelo Lob\u00e3o, novamente o treinador n\u00e3o completa o Campeonato Ga\u00facho, desta vez<\/p>\n","protected":false},"author":4,"featured_media":118476,"comment_status":"closed","ping_status":"closed","sticky":false,"template":"","format":"standard","meta":[],"categories":[869,29,865],"tags":[],"_links":{"self":[{"href":"https:\/\/diariodamanhapelotas.com.br\/site\/wp-json\/wp\/v2\/posts\/119024"}],"collection":[{"href":"https:\/\/diariodamanhapelotas.com.br\/site\/wp-json\/wp\/v2\/posts"}],"about":[{"href":"https:\/\/diariodamanhapelotas.com.br\/site\/wp-json\/wp\/v2\/types\/post"}],"author":[{"embeddable":true,"href":"https:\/\/diariodamanhapelotas.com.br\/site\/wp-json\/wp\/v2\/users\/4"}],"replies":[{"embeddable":true,"href":"https:\/\/diariodamanhapelotas.com.br\/site\/wp-json\/wp\/v2\/comments?post=119024"}],"version-history":[{"count":1,"href":"https:\/\/diariodamanhapelotas.com.br\/site\/wp-json\/wp\/v2\/posts\/119024\/revisions"}],"predecessor-version":[{"id":119025,"href":"https:\/\/diariodamanhapelotas.com.br\/site\/wp-json\/wp\/v2\/posts\/119024\/revisions\/119025"}],"wp:featuredmedia":[{"embeddable":true,"href":"https:\/\/diariodamanhapelotas.com.br\/site\/wp-json\/wp\/v2\/media\/118476"}],"wp:attachment":[{"href":"https:\/\/diariodamanhapelotas.com.br\/site\/wp-json\/wp\/v2\/media?parent=119024"}],"wp:term":[{"taxonomy":"category","embeddable":true,"href":"https:\/\/diariodamanhapelotas.com.br\/site\/wp-json\/wp\/v2\/categories?post=119024"},{"taxonomy":"post_tag","embeddable":true,"href":"https:\/\/diariodamanhapelotas.com.br\/site\/wp-json\/wp\/v2\/tags?post=119024"}],"curies":[{"name":"wp","href":"https:\/\/api.w.org\/{rel}","templated":true}]}}