{"id":119633,"date":"2022-06-24T10:01:05","date_gmt":"2022-06-24T13:01:05","guid":{"rendered":"https:\/\/diariodamanhapelotas.com.br\/site\/?p=119633"},"modified":"2022-06-24T10:01:05","modified_gmt":"2022-06-24T13:01:05","slug":"camara-define-homenageados-2022","status":"publish","type":"post","link":"https:\/\/diariodamanhapelotas.com.br\/site\/camara-define-homenageados-2022\/","title":{"rendered":"C\u00e2mara define homenageados 2022"},"content":{"rendered":"<p><strong>T\u00edtulos de Institui\u00e7\u00e3o Em\u00e9rita, Cidad\u00e3o Pelotense e Cidad\u00e3o Em\u00e9rito ser\u00e3o entregues em Sess\u00e3o Solene comemorativa aos 210 anos de Pelotas e 190 anos da C\u00e2mara Municipal<\/strong><\/p>\n<p>Em reuni\u00e3o extraordin\u00e1ria conjunta das Comiss\u00f5es de Constitui\u00e7\u00e3o e Justi\u00e7a (CCJ), e Or\u00e7amento e Finan\u00e7as (COF) na manh\u00e3 desta quinta-feira (23), foram aprovados pelos vereadores os nomes dos homenageados 2022 com os t\u00edtulos de Institui\u00e7\u00e3o Em\u00e9rita, Cidad\u00e3o Pelotense e Cidad\u00e3o Em\u00e9rito. Onze parlamentares apresentaram sugest\u00f5es e foram acatadas pelos demais. Todos os anos, na semana comemorativa ao anivers\u00e1rio de Peloas (01 a 07 de julho), personalidades e institui\u00e7\u00f5es recebem men\u00e7\u00e3o dos parlamentares pelos relevantes servi\u00e7os prestados \u00e0 cidade.<\/p>\n<p>Este ano, a entrega acontecer\u00e1 em uma Sess\u00e3o Solene\u00a0no dia 07 de julho, em um momento especial comemorativo aos 210 anos de Pelotas e 190 anos da C\u00e2mara Municipal, na Biblioteca P\u00fablica, \u00e0s 19h30min.<\/p>\n<p>O presidente do legislativo, Marcos Ferreira (Marcola-sem partido), falou sobre o momento importante e que tem um significado muito especial para os parlamentares.<\/p>\n<p>\u201cSer\u00e1 uma sess\u00e3o diferente e extremamente importante. As pessoas e entidades que ser\u00e3o homenageadas se destacaram em contribui\u00e7\u00e3o para o desenvolvimento do nosso munic\u00edpio, ent\u00e3o nada mais justo que a C\u00e2mara realize uma bela homenagem\u201d, disse o vereador.<\/p>\n<p><strong>Confira abaixo rela\u00e7\u00e3o completa:<\/strong><\/p>\n<p>1 &#8211; PROJETO DE LEI ORDIN\u00c1RIA N\u00ba 55\/2022 VEREADOR PAULO C\u00c9SAR COITINHO DOS SANTOS concede o t\u00edtulo de Institui\u00e7\u00e3o Em\u00e9rita a AMUKCAB &#8211; Associa\u00e7\u00e3o Municipal Umbanda, Kimbanda e Cultos Afros Brasileiro.<\/p>\n<p>2 &#8211; PROJETO DE LEI ORDIN\u00c1RIA N\u00ba 59\/2022 VEREADOR M\u00c1RCIO PEREIRA DOS SANTOS concede o t\u00edtulo de Cidad\u00e3o Pelotense \u00e0 Daniel Trzeciak.<\/p>\n<p>3 &#8211; PROJETO DE LEI ORDIN\u00c1RIA N\u00ba 60\/2022 VEREADOR JONE DE SOUSA SOARES concede o t\u00edtulo de Cidad\u00e3o Pelotense \u00e0 Delegada Lisiane Moraes Mattarredona.<\/p>\n<p>4 &#8211; PROJETO DE LEI ORDIN\u00c1RIA N\u00ba 61\/2022 VEREADORA M\u00cdRIAM PAZ GARCEZ MARRONI concede o t\u00edtulo de Cidad\u00e3o Pelotense ao Padre Eneias Carniel.<\/p>\n<p>5 &#8211; PROJETO DE LEI ORDIN\u00c1RIA N\u00ba 62\/2022 VEREADOR ANDERSON DE FREITAS GARCIA concede o t\u00edtulo de Cidad\u00e3o Em\u00e9rito para Diom Machado.<\/p>\n<p>6 &#8211; PROJETO DE LEI ORDIN\u00c1RIA N\u00ba 64\/2022 VEREADOR RAFAEL PEREIRA DUTRA concede o t\u00edtulo de Cidad\u00e3o Pelotense para Daniel Petterle Silveira Mussi.<\/p>\n<p>7 &#8211; PROJETO DE LEI ORDIN\u00c1RIA N\u00ba 68\/2022 VEREADORA CARLA DA SILVA CASSAIS concede do t\u00edtulo de CIDAD\u00c3 PELOTENSE para a professora Maria Virg\u00ednia Fagundes Moreira.<\/p>\n<p>8 &#8211; PROJETO DE LEI ORDIN\u00c1RIA N\u00ba 70\/2022 VEREADOR MARCOS FERREIRA INSSAURRIAGA concede o t\u00edtulo de Cidad\u00e3o Em\u00e9rito \u00e0 Eduardo Figueiredo Cavalheiro Leite.<\/p>\n<p>9 &#8211; PROJETO DE LEI ORDIN\u00c1RIA N\u00ba 71\/2022 VEREADOR NEY VALDIR REICHOW BANDEIRA concede o t\u00edtulo de Cidad\u00e3 Pelotense \u00e0 Kelen Candido Emerim.<\/p>\n<p>10 &#8211; PROJETO DE LEI ORDIN\u00c1RIA N\u00ba 72\/2022 VEREADOR JOSE ANSELMO RODRIGUES concede t\u00edtulo de Cidad\u00e3o Pelotense ao Deputado Federal Nereu Crispim.<\/p>\n<p>11 &#8211; PROJETO DE LEI ORDIN\u00c1RIA N\u00ba 73\/2022 VEREADOR MICHEL FERREIRA ESCALANTE concede o t\u00edtulo de Cidad\u00e3o Pelotense \u00e0 Marcus Vin\u00edcius Vieira de Almeida.<\/p>\n","protected":false},"excerpt":{"rendered":"<p>T\u00edtulos de Institui\u00e7\u00e3o Em\u00e9rita, Cidad\u00e3o Pelotense e Cidad\u00e3o Em\u00e9rito ser\u00e3o entregues em Sess\u00e3o Solene comemorativa aos 210 anos de Pelotas e 190 anos da C\u00e2mara Municipal Em reuni\u00e3o extraordin\u00e1ria conjunta<\/p>\n","protected":false},"author":4,"featured_media":119634,"comment_status":"closed","ping_status":"closed","sticky":false,"template":"","format":"standard","meta":[],"categories":[305,28],"tags":[],"_links":{"self":[{"href":"https:\/\/diariodamanhapelotas.com.br\/site\/wp-json\/wp\/v2\/posts\/119633"}],"collection":[{"href":"https:\/\/diariodamanhapelotas.com.br\/site\/wp-json\/wp\/v2\/posts"}],"about":[{"href":"https:\/\/diariodamanhapelotas.com.br\/site\/wp-json\/wp\/v2\/types\/post"}],"author":[{"embeddable":true,"href":"https:\/\/diariodamanhapelotas.com.br\/site\/wp-json\/wp\/v2\/users\/4"}],"replies":[{"embeddable":true,"href":"https:\/\/diariodamanhapelotas.com.br\/site\/wp-json\/wp\/v2\/comments?post=119633"}],"version-history":[{"count":1,"href":"https:\/\/diariodamanhapelotas.com.br\/site\/wp-json\/wp\/v2\/posts\/119633\/revisions"}],"predecessor-version":[{"id":119635,"href":"https:\/\/diariodamanhapelotas.com.br\/site\/wp-json\/wp\/v2\/posts\/119633\/revisions\/119635"}],"wp:featuredmedia":[{"embeddable":true,"href":"https:\/\/diariodamanhapelotas.com.br\/site\/wp-json\/wp\/v2\/media\/119634"}],"wp:attachment":[{"href":"https:\/\/diariodamanhapelotas.com.br\/site\/wp-json\/wp\/v2\/media?parent=119633"}],"wp:term":[{"taxonomy":"category","embeddable":true,"href":"https:\/\/diariodamanhapelotas.com.br\/site\/wp-json\/wp\/v2\/categories?post=119633"},{"taxonomy":"post_tag","embeddable":true,"href":"https:\/\/diariodamanhapelotas.com.br\/site\/wp-json\/wp\/v2\/tags?post=119633"}],"curies":[{"name":"wp","href":"https:\/\/api.w.org\/{rel}","templated":true}]}}