{"id":119642,"date":"2022-06-24T10:12:35","date_gmt":"2022-06-24T13:12:35","guid":{"rendered":"https:\/\/diariodamanhapelotas.com.br\/site\/?p=119642"},"modified":"2022-06-24T10:12:35","modified_gmt":"2022-06-24T13:12:35","slug":"edicao-de-24-de-junho-de-2022-especial-de-aniversario","status":"publish","type":"post","link":"https:\/\/diariodamanhapelotas.com.br\/site\/edicao-de-24-de-junho-de-2022-especial-de-aniversario\/","title":{"rendered":"Edi\u00e7\u00e3o de 24 de junho de 2022 ESPECIAL DE ANIVERS\u00c1RIO"},"content":{"rendered":"<h4>EDI\u00c7\u00c3O VIRTUAL AQUI: <a href=\"https:\/\/fliphtml5.com\/dtqu\/nmjk\" target=\"_blank\" rel=\"noopener noreferrer\">https:\/\/fliphtml5.com\/dtqu\/nmjk<\/a><\/h4>\n<p><img loading=\"lazy\" class=\" wp-image-119643 alignright\" src=\"https:\/\/diariodamanhapelotas.com.br\/site\/wp-content\/uploads\/2022\/06\/dm24jun2022.jpg\" alt=\"\" width=\"350\" height=\"491\" srcset=\"https:\/\/diariodamanhapelotas.com.br\/site\/wp-content\/uploads\/2022\/06\/dm24jun2022.jpg 428w, https:\/\/diariodamanhapelotas.com.br\/site\/wp-content\/uploads\/2022\/06\/dm24jun2022-214x300.jpg 214w, https:\/\/diariodamanhapelotas.com.br\/site\/wp-content\/uploads\/2022\/06\/dm24jun2022-107x150.jpg 107w\" sizes=\"(max-width: 350px) 100vw, 350px\" \/>Bom dia amigos! O DI\u00c1RIO DA MANH\u00c3 completa hoje 43 anos de circula\u00e7\u00e3o. Um jornal que se renova todos os dias para trazer at\u00e9 voc\u00ea um notici\u00e1rio de qualidade e com credibilidade. A edi\u00e7\u00e3o de hoje traz um Caderno Especial com mensagens dos nossos parceiros e tamb\u00e9m muita informa\u00e7\u00e3o. Aqui est\u00e3o os destaques:<\/p>\n<ul>\n<li>Estrutura operacional da rede de sa\u00fade \u00e9 refor\u00e7ada em Pelotas;<\/li>\n<li>Sanep limpa canais de macrodrenagem;<\/li>\n<li>Cuidados para evitar acidentes nas Festas Juninas;<\/li>\n<li>C\u00e2mara define rela\u00e7\u00e3o dos homenageados nos 210 anos de Pelotas;<\/li>\n<li>Munic\u00edpio usa plataforma para auxiliar no refor\u00e7o escolar;<\/li>\n<li>Invas\u00e3o e furto na sede do PT;<\/li>\n<li>Brigada prende tr\u00eas traficantes;<\/li>\n<li>Futebol amador de Pelotas tem domingo de decis\u00f5es;<\/li>\n<li>Videodan\u00e7a \u201cC\u00e3es\u201d tem quatro sess\u00f5es gratuitas;<\/li>\n<li>Confirmados mais 306 casos de covid e uma morte.<\/li>\n<\/ul>\n<p>Tem muito mais em nossa edi\u00e7\u00e3o impressa. Receba todo o nosso conte\u00fado: ASSINE J\u00c1 O DM! Ligue (53) 3225.1716 em hor\u00e1rio comercial e conhe\u00e7a nossos planos.<\/p>\n<p>CURTA NOSSO PERFIL NO <a href=\"https:\/\/www.facebook.com\/diariodamanhapelotas\">FACEBOOK<\/a>!<\/p>\n<p>Siga-nos no Instagram: @diariodamanhapelotas<\/p>\n","protected":false},"excerpt":{"rendered":"<p>EDI\u00c7\u00c3O VIRTUAL AQUI: https:\/\/fliphtml5.com\/dtqu\/nmjk Bom dia amigos! O DI\u00c1RIO DA MANH\u00c3 completa hoje 43 anos de circula\u00e7\u00e3o. Um jornal que se renova todos os dias para trazer at\u00e9 voc\u00ea um<\/p>\n","protected":false},"author":3,"featured_media":115987,"comment_status":"closed","ping_status":"closed","sticky":false,"template":"","format":"standard","meta":[],"categories":[305,27],"tags":[],"_links":{"self":[{"href":"https:\/\/diariodamanhapelotas.com.br\/site\/wp-json\/wp\/v2\/posts\/119642"}],"collection":[{"href":"https:\/\/diariodamanhapelotas.com.br\/site\/wp-json\/wp\/v2\/posts"}],"about":[{"href":"https:\/\/diariodamanhapelotas.com.br\/site\/wp-json\/wp\/v2\/types\/post"}],"author":[{"embeddable":true,"href":"https:\/\/diariodamanhapelotas.com.br\/site\/wp-json\/wp\/v2\/users\/3"}],"replies":[{"embeddable":true,"href":"https:\/\/diariodamanhapelotas.com.br\/site\/wp-json\/wp\/v2\/comments?post=119642"}],"version-history":[{"count":1,"href":"https:\/\/diariodamanhapelotas.com.br\/site\/wp-json\/wp\/v2\/posts\/119642\/revisions"}],"predecessor-version":[{"id":119644,"href":"https:\/\/diariodamanhapelotas.com.br\/site\/wp-json\/wp\/v2\/posts\/119642\/revisions\/119644"}],"wp:featuredmedia":[{"embeddable":true,"href":"https:\/\/diariodamanhapelotas.com.br\/site\/wp-json\/wp\/v2\/media\/115987"}],"wp:attachment":[{"href":"https:\/\/diariodamanhapelotas.com.br\/site\/wp-json\/wp\/v2\/media?parent=119642"}],"wp:term":[{"taxonomy":"category","embeddable":true,"href":"https:\/\/diariodamanhapelotas.com.br\/site\/wp-json\/wp\/v2\/categories?post=119642"},{"taxonomy":"post_tag","embeddable":true,"href":"https:\/\/diariodamanhapelotas.com.br\/site\/wp-json\/wp\/v2\/tags?post=119642"}],"curies":[{"name":"wp","href":"https:\/\/api.w.org\/{rel}","templated":true}]}}