{"id":119658,"date":"2022-06-27T11:11:18","date_gmt":"2022-06-27T14:11:18","guid":{"rendered":"https:\/\/diariodamanhapelotas.com.br\/site\/?p=119658"},"modified":"2022-06-27T11:11:18","modified_gmt":"2022-06-27T14:11:18","slug":"festival-internacional-sesc-de-musica-2023-sera-lancado-oficialmente-em-julho-em-pelotas","status":"publish","type":"post","link":"https:\/\/diariodamanhapelotas.com.br\/site\/festival-internacional-sesc-de-musica-2023-sera-lancado-oficialmente-em-julho-em-pelotas\/","title":{"rendered":"Festival Internacional Sesc de M\u00fasica 2023 ser\u00e1 lan\u00e7ado oficialmente em julho em Pelotas"},"content":{"rendered":"<p dir=\"ltr\"><strong>Evento ser\u00e1 dia 12, \u00e0s 19h, na Prefeitura Municipal e marca a retomada ap\u00f3s dois anos sem a realiza\u00e7\u00e3o do projeto<\/strong><\/p>\n<p dir=\"ltr\"><span data-ogsc=\"rgb(0, 0, 0)\">O <\/span><span data-ogsc=\"rgb(0, 0, 0)\">Festival Internacional Sesc de M\u00fasica<\/span> <span data-ogsc=\"rgb(0, 0, 0)\">2023 <\/span><span data-ogsc=\"rgb(0, 0, 0)\">j\u00e1 tem data para acontecer. Ap\u00f3s dois anos de suspens\u00e3o devido \u00e0 pandemia, um dos maiores eventos de m\u00fasica de concerto da Am\u00e9rica Latina, que re\u00fane estudantes e profissionais de diversas regi\u00f5es do Pa\u00eds e do mundo, est\u00e1 confirmado para ocorrer de <\/span><span data-ogsc=\"rgb(0, 0, 0)\">16 a 27 de janeiro<\/span><span data-ogsc=\"rgb(0, 0, 0)\">. A 11\u00aa edi\u00e7\u00e3o ser\u00e1 <\/span><span data-ogsc=\"rgb(0, 0, 0)\">lan\u00e7ada oficialmente no dia 12 de julho<\/span><span data-ogsc=\"rgb(0, 0, 0)\">, \u00e0s 19h, no hall de entrada da Prefeitura Municipal de Pelotas (Pr. Cel. Pedro Os\u00f3rio, 101) para convidados, autoridades e imprensa. A cerim\u00f4nia marca o in\u00edcio do per\u00edodo de inscri\u00e7\u00f5es para os cursos de instrumentos, canto l\u00edrico, choro, com pr\u00e1ticas de m\u00fasica de c\u00e2mara, de orquestra e de banda sinf\u00f4nica, oferecidos no Festival.<\/span><\/p>\n<p dir=\"ltr\"><span data-ogsc=\"rgb(0, 0, 0)\">Os alunos selecionados ter\u00e3o a oportunidade de qualificar suas habilidades com 46 professores reconhecidos mundialmente em academias, conservat\u00f3rios de m\u00fasica e orquestras com origem, al\u00e9m do Brasil, dos Estados Unidos, Chile, It\u00e1lia, Portugal, Alemanha, R\u00fassia, Bielor\u00fassia e Jap\u00e3o. M\u00fasicos e estudantes podem realizar as inscri\u00e7\u00f5es at\u00e9 o dia 12 de agosto pelo site <\/span><a href=\"http:\/\/www.sesc-rs.com.br\/festival\" target=\"_blank\" rel=\"noopener noreferrer\" data-auth=\"NotApplicable\" data-linkindex=\"0\" data-ogsc=\"\"><span data-ogsc=\"rgb(0, 0, 0)\">www.sesc-rs.com.br\/festival<\/span><\/a><span data-ogsc=\"rgb(0, 0, 0)\">, com possibilidades de bolsas integrais e parciais, al\u00e9m de espa\u00e7o para alunos das institui\u00e7\u00f5es parceiras \u2013 UFPEL, e os Projetos Sociais da Escola da Ospa e Vida com Arte da Unisinos.<\/span><\/p>\n<p dir=\"ltr\"><strong>Cursos do Festival 2023\u00a0<\/strong><\/p>\n<p dir=\"ltr\"><span data-ogsc=\"rgb(0, 0, 0)\">A 11\u00aa edi\u00e7\u00e3o mant\u00e9m os tradicionais cursos de 18 instrumentos de M\u00fasica de Concerto: Violino, Viola, Violoncelo, Contrabaixo, Flauta, Obo\u00e9 (Corne-ingl\u00eas), Clarinete, Fagote, Trompa, Trompete, Trombone Tenor, Trombone Baixo, Tuba, Saxofone, Euf\u00f4nio, Harpa, Percuss\u00e3o para M\u00fasica de Concerto, Piano, al\u00e9m de Canto L\u00edrico, Composi\u00e7\u00e3o e aulas de Choro (que integra as pr\u00e1ticas de Viol\u00e3o, Sopros, Acordeom, Bandolim, Percuss\u00e3o e Cavaquinho). Al\u00e9m das capacita\u00e7\u00f5es oferecidas, durante o Festival, os alunos t\u00eam a oportunidade de participar de Recitais de M\u00fasica de C\u00e2mara, Pr\u00e1tica de Orquestra e Pr\u00e1tica de Banda Sinf\u00f4nica.<\/span><\/p>\n<p dir=\"ltr\"><strong>Sobre o Festival Internacional Sesc de M\u00fasica<\/strong><\/p>\n<p dir=\"ltr\"><span data-ogsc=\"rgb(0, 0, 0)\">O Festival Internacional Sesc de M\u00fasica tem como objetivo incentivar o desenvolvimento da produ\u00e7\u00e3o musical, fomentar o interc\u00e2mbio e o desfrute de bens culturais. Promovido pelo Sistema Fecom\u00e9rcio-RS\/Sesc, e tendo como coordenador art\u00edstico o maestro Evandro Matt\u00e9, o evento atua em dois eixos principais: Pedag\u00f3gico e Sociocultural. No plano Pedag\u00f3gico, o Festival oferece cursos de instrumentos, composi\u00e7\u00e3o, canto l\u00edrico e choro, pr\u00e1tica de m\u00fasica de c\u00e2mara, pr\u00e1tica de orquestra e pr\u00e1tica de banda sinf\u00f4nica para estudantes e profissionais da m\u00fasica. J\u00e1 no sociocultural, s\u00e3o realizados recitais de professores, de alunos, de m\u00fasica de c\u00e2mara e ampla atividade de espet\u00e1culos gratuitos, abertos a toda comunidade. O evento tem o apoio institucional da Prefeitura Municipal de Pelotas\/RS e apoio cultural da Universidade Federal de Pelotas, Universidade Cat\u00f3lica de Pelotas e a Faculdade Senac.<\/span><\/p>\n<p dir=\"ltr\"><strong>11\u00ba Festival Internacional Sesc de M\u00fasica &#8211; Lan\u00e7amento<\/strong><\/p>\n<ul>\n<li dir=\"ltr\"><strong>Data: 12\/07 (ter\u00e7a-feira)<\/strong><\/li>\n<li dir=\"ltr\"><span data-ogsc=\"rgb(0, 0, 0)\">Hor\u00e1rio<\/span><span data-ogsc=\"rgb(0, 0, 0)\">: 19h<\/span><\/li>\n<li dir=\"ltr\"><span data-ogsc=\"rgb(0, 0, 0)\">Local<\/span><span data-ogsc=\"rgb(0, 0, 0)\">: Prefeitura Municipal de Pelotas (Pr. Cel. Pedro Os\u00f3rio, 101)\u00a0<\/span><\/li>\n<\/ul>\n<p dir=\"ltr\"><strong>11\u00ba Festival Internacional Sesc de M\u00fasica\u00a0<\/strong><\/p>\n<p dir=\"ltr\"><strong>O que \u00e9?<\/strong><span data-ogsc=\"rgb(0, 0, 0)\"> O Festival Internacional Sesc de M\u00fasica \u00e9 um dos maiores da \u00e1rea na Am\u00e9rica Latina e tem o objetivo de incentivar o desenvolvimento da produ\u00e7\u00e3o musical e fomentar o interc\u00e2mbio e o desfrute de bens culturais<\/span><\/p>\n<p dir=\"ltr\"><strong>Data: De 16 a 27 de janeiro de 2023, em Pelotas<\/strong><\/p>\n<p dir=\"ltr\"><span data-ogsc=\"rgb(0, 0, 0)\">Como acontece?<\/span><span data-ogsc=\"rgb(0, 0, 0)\"> Durante o Festival, no turno da manh\u00e3, acontecem as classes (cursos) de M\u00fasica de Concerto; no per\u00edodo da tarde, ocorrem as classes de Canto L\u00edrico e de Choro, al\u00e9m dos ensaios; e \u00e0 noite, as apresenta\u00e7\u00f5es, todas com entrada franca para a comunidade<\/span><\/p>\n<p dir=\"ltr\"><strong>Cursos disponibilizados:\u00a0<\/strong><\/p>\n<p dir=\"ltr\"><span data-ogsc=\"rgb(0, 0, 0)\">M\u00fasica de Concerto\u00a0<\/span><\/p>\n<p dir=\"ltr\"><span data-ogsc=\"rgb(0, 0, 0)\">Violino | Viola | Violoncelo | Contrabaixo | Harpa\u00a0<\/span><\/p>\n<p dir=\"ltr\"><span data-ogsc=\"rgb(0, 0, 0)\">Flauta | Obo\u00e9 (Corne-ingl\u00eas) | Clarinete | Fagote\u00a0<\/span><\/p>\n<p dir=\"ltr\"><span data-ogsc=\"rgb(0, 0, 0)\">Trompa | Trompete | Trombone Tenor | Trombone Baixo | Tuba\u00a0\u00a0<\/span><\/p>\n<p dir=\"ltr\"><span data-ogsc=\"rgb(0, 0, 0)\">Saxofone | Euf\u00f4nio | Percuss\u00e3o | Canto L\u00edrico | Piano | Composi\u00e7\u00e3o\u00a0\u00a0<\/span><\/p>\n<p dir=\"ltr\"><span data-ogsc=\"rgb(0, 0, 0)\">Choro (Viol\u00e3o, Sopros, Acordeom, bandolim, percuss\u00e3o e cavaquinho)\u00a0<\/span><\/p>\n<p dir=\"ltr\"><span data-ogsc=\"rgb(0, 0, 0)\">Pr\u00e1tica de Orquestra e de Banda Sinf\u00f4nica (n\u00e3o h\u00e1 inscri\u00e7\u00e3o. Ser\u00e3o realizados pelos alunos selecionados para os cursos de instrumentos)<\/span><\/p>\n<p dir=\"ltr\"><span data-ogsc=\"rgb(0, 0, 0)\">M\u00fasica de C\u00e2mara (recitais ser\u00e3o organizados no decorrer do Festival e apresentados nos hor\u00e1rios designados para recitais de alunos)<\/span><\/p>\n<p>&nbsp;<\/p>\n<p dir=\"ltr\"><span data-ogsc=\"rgb(0, 0, 0)\">Inscri\u00e7\u00f5es para os cursos:<\/span><\/p>\n<p dir=\"ltr\"><span data-ogsc=\"rgb(0, 0, 0)\">Per\u00edodo de inscri\u00e7\u00f5es: 12\/07 a 12\/08\/2022\u00a0<\/span><\/p>\n<p dir=\"ltr\"><span data-ogsc=\"rgb(0, 0, 0)\">Divulga\u00e7\u00e3o dos selecionados e matr\u00edcula 1\u00aa chamada: 05\/09 a 20\/09\/2022\u00a0<\/span><\/p>\n<p dir=\"ltr\"><span data-ogsc=\"rgb(0, 0, 0)\">Divulga\u00e7\u00e3o dos selecionados e matr\u00edcula 2\u00aa chamada: 26\/09 a 10\/10\/2022\u00a0<\/span><\/p>\n<p dir=\"ltr\"><span data-ogsc=\"rgb(0, 0, 0)\">Consulta dos cursos dispon\u00edveis e mais informa\u00e7\u00f5es sobre inscri\u00e7\u00f5es em <\/span><a href=\"http:\/\/www.sesc-rs.com.br\/festival\" target=\"_blank\" rel=\"noopener noreferrer\" data-auth=\"NotApplicable\" data-linkindex=\"1\" data-ogsc=\"\"><span data-ogsc=\"rgb(0, 0, 0)\">www.sesc-rs.com.br\/festival<\/span><\/a><\/p>\n","protected":false},"excerpt":{"rendered":"<p>Evento ser\u00e1 dia 12, \u00e0s 19h, na Prefeitura Municipal e marca a retomada ap\u00f3s dois anos sem a realiza\u00e7\u00e3o do projeto O Festival Internacional Sesc de M\u00fasica 2023 j\u00e1 tem<\/p>\n","protected":false},"author":4,"featured_media":83448,"comment_status":"closed","ping_status":"closed","sticky":false,"template":"","format":"standard","meta":[],"categories":[305,149],"tags":[],"_links":{"self":[{"href":"https:\/\/diariodamanhapelotas.com.br\/site\/wp-json\/wp\/v2\/posts\/119658"}],"collection":[{"href":"https:\/\/diariodamanhapelotas.com.br\/site\/wp-json\/wp\/v2\/posts"}],"about":[{"href":"https:\/\/diariodamanhapelotas.com.br\/site\/wp-json\/wp\/v2\/types\/post"}],"author":[{"embeddable":true,"href":"https:\/\/diariodamanhapelotas.com.br\/site\/wp-json\/wp\/v2\/users\/4"}],"replies":[{"embeddable":true,"href":"https:\/\/diariodamanhapelotas.com.br\/site\/wp-json\/wp\/v2\/comments?post=119658"}],"version-history":[{"count":1,"href":"https:\/\/diariodamanhapelotas.com.br\/site\/wp-json\/wp\/v2\/posts\/119658\/revisions"}],"predecessor-version":[{"id":119659,"href":"https:\/\/diariodamanhapelotas.com.br\/site\/wp-json\/wp\/v2\/posts\/119658\/revisions\/119659"}],"wp:featuredmedia":[{"embeddable":true,"href":"https:\/\/diariodamanhapelotas.com.br\/site\/wp-json\/wp\/v2\/media\/83448"}],"wp:attachment":[{"href":"https:\/\/diariodamanhapelotas.com.br\/site\/wp-json\/wp\/v2\/media?parent=119658"}],"wp:term":[{"taxonomy":"category","embeddable":true,"href":"https:\/\/diariodamanhapelotas.com.br\/site\/wp-json\/wp\/v2\/categories?post=119658"},{"taxonomy":"post_tag","embeddable":true,"href":"https:\/\/diariodamanhapelotas.com.br\/site\/wp-json\/wp\/v2\/tags?post=119658"}],"curies":[{"name":"wp","href":"https:\/\/api.w.org\/{rel}","templated":true}]}}