{"id":121209,"date":"2022-08-24T08:56:55","date_gmt":"2022-08-24T11:56:55","guid":{"rendered":"https:\/\/diariodamanhapelotas.com.br\/site\/?p=121209"},"modified":"2022-08-24T08:56:55","modified_gmt":"2022-08-24T11:56:55","slug":"guris-teimosos-um-pelotense-identificado-com-o-riograndense","status":"publish","type":"post","link":"https:\/\/diariodamanhapelotas.com.br\/site\/guris-teimosos-um-pelotense-identificado-com-o-riograndense\/","title":{"rendered":"GURIS TEIMOSOS  : Um pelotense identificado com o Riograndense"},"content":{"rendered":"<p>O Riograndense honrou o apelido de Guri Teimoso. Reativou o depto. de futebol que estava parado desde 2004 com a disputa da Terceirona Ga\u00facha em 2021, em plena pandemia, que ainda batia forte. O Farroupilha, por exemplo, n\u00e3o entrou naquela disputa. O time que mescla vermelho e amarelo, mas tamb\u00e9m possui uniforme tradicional colorado \u00e9 o mais novo no trio rio-grandino, mas capta muitos torcedores. Eles est\u00e3o voltando. Inclusive do outro lado da ponte.<\/p>\n<p>O garoto Ramiro, de oito anos, escreveu um bilhete para o Riograndense revelando sua paix\u00e3o pelo clube e ainda desenhou o escudo do Guri Teimoso. Na mensagem, ele dizia admirar muito o Riograndense e gostaria de receber uma lembran\u00e7a. &#8220;O meu nome \u00e9 Ramiro. Tenho 8 anos, moro em Pelotas. Eu admiro bastante o Riograndense, principalmente o escudo. Ent\u00e3o, eu queria uma lembran\u00e7a ou uma fl\u00e2mula. Qualquer lembrancinha. Eu agrade\u00e7o bastante. Um abra\u00e7o, Ramiro&#8221;, era o recado. Os dizeres logo chegaram ao Est\u00e1dio Torquato Pontes e tocaram o cora\u00e7\u00e3o de todos. Agora oficialmente, o Football Club Riograndense j\u00e1 tem mais um torcedor, o Ramiro, gra\u00e7as ao Paulo Andr\u00e9 Neves, presidente do clube, que desde o primeiro momento se mostrou atencioso e disposto a atender ao pedido do mais novo Guri Teimoso.<\/p>\n<p>O Riograndense, assim como o Farroupilha, n\u00e3o obteve sucesso na Terceirona Ga\u00facha deste ano. Mas vai seguir tentando, honrando o apelido e reunindo torcedores.<\/p>\n<div id=\"attachment_121210\" style=\"width: 602px\" class=\"wp-caption aligncenter\"><img aria-describedby=\"caption-attachment-121210\" loading=\"lazy\" class=\" wp-image-121210\" src=\"https:\/\/diariodamanhapelotas.com.br\/site\/wp-content\/uploads\/2022\/08\/24-08-fotos-2-e-3-riograndense.jpg\" alt=\"\" width=\"592\" height=\"358\" srcset=\"https:\/\/diariodamanhapelotas.com.br\/site\/wp-content\/uploads\/2022\/08\/24-08-fotos-2-e-3-riograndense.jpg 800w, https:\/\/diariodamanhapelotas.com.br\/site\/wp-content\/uploads\/2022\/08\/24-08-fotos-2-e-3-riograndense-300x182.jpg 300w, https:\/\/diariodamanhapelotas.com.br\/site\/wp-content\/uploads\/2022\/08\/24-08-fotos-2-e-3-riograndense-150x91.jpg 150w, https:\/\/diariodamanhapelotas.com.br\/site\/wp-content\/uploads\/2022\/08\/24-08-fotos-2-e-3-riograndense-768x465.jpg 768w\" sizes=\"(max-width: 592px) 100vw, 592px\" \/><p id=\"caption-attachment-121210\" class=\"wp-caption-text\">O pequeno Ramiro devidamente trajado de Riograndense e o recado que originou essa bonita hist\u00f3ria<\/p><\/div>\n","protected":false},"excerpt":{"rendered":"<p>O Riograndense honrou o apelido de Guri Teimoso. Reativou o depto. de futebol que estava parado desde 2004 com a disputa da Terceirona Ga\u00facha em 2021, em plena pandemia, que<\/p>\n","protected":false},"author":4,"featured_media":121210,"comment_status":"closed","ping_status":"closed","sticky":false,"template":"","format":"standard","meta":[],"categories":[29],"tags":[],"_links":{"self":[{"href":"https:\/\/diariodamanhapelotas.com.br\/site\/wp-json\/wp\/v2\/posts\/121209"}],"collection":[{"href":"https:\/\/diariodamanhapelotas.com.br\/site\/wp-json\/wp\/v2\/posts"}],"about":[{"href":"https:\/\/diariodamanhapelotas.com.br\/site\/wp-json\/wp\/v2\/types\/post"}],"author":[{"embeddable":true,"href":"https:\/\/diariodamanhapelotas.com.br\/site\/wp-json\/wp\/v2\/users\/4"}],"replies":[{"embeddable":true,"href":"https:\/\/diariodamanhapelotas.com.br\/site\/wp-json\/wp\/v2\/comments?post=121209"}],"version-history":[{"count":1,"href":"https:\/\/diariodamanhapelotas.com.br\/site\/wp-json\/wp\/v2\/posts\/121209\/revisions"}],"predecessor-version":[{"id":121211,"href":"https:\/\/diariodamanhapelotas.com.br\/site\/wp-json\/wp\/v2\/posts\/121209\/revisions\/121211"}],"wp:featuredmedia":[{"embeddable":true,"href":"https:\/\/diariodamanhapelotas.com.br\/site\/wp-json\/wp\/v2\/media\/121210"}],"wp:attachment":[{"href":"https:\/\/diariodamanhapelotas.com.br\/site\/wp-json\/wp\/v2\/media?parent=121209"}],"wp:term":[{"taxonomy":"category","embeddable":true,"href":"https:\/\/diariodamanhapelotas.com.br\/site\/wp-json\/wp\/v2\/categories?post=121209"},{"taxonomy":"post_tag","embeddable":true,"href":"https:\/\/diariodamanhapelotas.com.br\/site\/wp-json\/wp\/v2\/tags?post=121209"}],"curies":[{"name":"wp","href":"https:\/\/api.w.org\/{rel}","templated":true}]}}