{"id":121508,"date":"2022-09-03T11:14:45","date_gmt":"2022-09-03T14:14:45","guid":{"rendered":"https:\/\/diariodamanhapelotas.com.br\/site\/?p=121508"},"modified":"2022-09-05T09:23:40","modified_gmt":"2022-09-05T12:23:40","slug":"pelotas-confirma-primeiro-caso-de-monkeypox","status":"publish","type":"post","link":"https:\/\/diariodamanhapelotas.com.br\/site\/pelotas-confirma-primeiro-caso-de-monkeypox\/","title":{"rendered":"Pelotas confirma primeiro caso de Monkeypox"},"content":{"rendered":"<h3 style=\"text-align: center;\"><em>Secretaria Municipal de Sa\u00fade informa que uma mulher de 18 anos teve resultado positivo para a doen\u00e7a<\/em><\/h3>\n<p>A\u00a0Secretaria Municipal de Sa\u00fade\u00a0(SMS) confirmou o\u00a0primeiro caso\u00a0de\u00a0Monkeypox, registrado em\u00a0Pelotas, nesta sexta-feira (2). Trata-se de uma\u00a0mulher\u00a0de\u00a018 anos\u00a0que procurou atendimento em uma Unidade B\u00e1sica de Sa\u00fade, onde o exame foi coletado. A\u00a0Vigil\u00e2ncia Epidemiol\u00f3gica\u00a0mant\u00e9m o monitoramento das pessoas que tiveram contato com o caso positivo, que segue em isolamento.<\/p>\n<p>A Prefeitura tem preparado a rede de sa\u00fade para a identifica\u00e7\u00e3o de pessoas com sintomas da Monkeypox desde o m\u00eas de julho, discutindo medidas junto a 3\u00aa Coordenadora Regional de Sa\u00fade e membros do Comit\u00ea de Enfrentamento. J\u00e1 no m\u00eas de agosto, as equipes de Aten\u00e7\u00e3o Prim\u00e1ria, de estabelecimentos privados de sa\u00fade e dos ambulat\u00f3rios das universidades, come\u00e7aram a participar de capacita\u00e7\u00f5es e a conhecer o Plano de Contingenciamento desenvolvido sobre a doen\u00e7a para o munic\u00edpio. Dessa forma, a identifica\u00e7\u00e3o do primeiro caso na cidade se tornou mais r\u00e1pida, agilizando o isolamento e a orienta\u00e7\u00e3o \u00e0 paciente e os seus contatos pr\u00f3ximos.<\/p>\n<p>At\u00e9 o momento, foram notificados 24 casos suspeitos da doen\u00e7a em Pelotas, com 18 resultados negativos e um positivo.<\/p>\n<p>A Monkeypox foi considerada uma Emerg\u00eancia de Sa\u00fade P\u00fablica de Import\u00e2ncia Internacional pela Organiza\u00e7\u00e3o Mundial da Sa\u00fade (OMS). Al\u00e9m disso, foi confirmada a transmiss\u00e3o comunit\u00e1ria, pela Secretaria Estadual da Sa\u00fade, no Rio Grande do Sul.<\/p>\n","protected":false},"excerpt":{"rendered":"<p>Secretaria Municipal de Sa\u00fade informa que uma mulher de 18 anos teve resultado positivo para a doen\u00e7a A\u00a0Secretaria Municipal de Sa\u00fade\u00a0(SMS) confirmou o\u00a0primeiro caso\u00a0de\u00a0Monkeypox, registrado em\u00a0Pelotas, nesta sexta-feira (2). Trata-se<\/p>\n","protected":false},"author":3,"featured_media":121509,"comment_status":"closed","ping_status":"closed","sticky":false,"template":"","format":"standard","meta":[],"categories":[305,149,150],"tags":[],"_links":{"self":[{"href":"https:\/\/diariodamanhapelotas.com.br\/site\/wp-json\/wp\/v2\/posts\/121508"}],"collection":[{"href":"https:\/\/diariodamanhapelotas.com.br\/site\/wp-json\/wp\/v2\/posts"}],"about":[{"href":"https:\/\/diariodamanhapelotas.com.br\/site\/wp-json\/wp\/v2\/types\/post"}],"author":[{"embeddable":true,"href":"https:\/\/diariodamanhapelotas.com.br\/site\/wp-json\/wp\/v2\/users\/3"}],"replies":[{"embeddable":true,"href":"https:\/\/diariodamanhapelotas.com.br\/site\/wp-json\/wp\/v2\/comments?post=121508"}],"version-history":[{"count":1,"href":"https:\/\/diariodamanhapelotas.com.br\/site\/wp-json\/wp\/v2\/posts\/121508\/revisions"}],"predecessor-version":[{"id":121510,"href":"https:\/\/diariodamanhapelotas.com.br\/site\/wp-json\/wp\/v2\/posts\/121508\/revisions\/121510"}],"wp:featuredmedia":[{"embeddable":true,"href":"https:\/\/diariodamanhapelotas.com.br\/site\/wp-json\/wp\/v2\/media\/121509"}],"wp:attachment":[{"href":"https:\/\/diariodamanhapelotas.com.br\/site\/wp-json\/wp\/v2\/media?parent=121508"}],"wp:term":[{"taxonomy":"category","embeddable":true,"href":"https:\/\/diariodamanhapelotas.com.br\/site\/wp-json\/wp\/v2\/categories?post=121508"},{"taxonomy":"post_tag","embeddable":true,"href":"https:\/\/diariodamanhapelotas.com.br\/site\/wp-json\/wp\/v2\/tags?post=121508"}],"curies":[{"name":"wp","href":"https:\/\/api.w.org\/{rel}","templated":true}]}}