{"id":121987,"date":"2022-09-23T09:23:16","date_gmt":"2022-09-23T12:23:16","guid":{"rendered":"https:\/\/diariodamanhapelotas.com.br\/site\/?p=121987"},"modified":"2022-09-23T09:23:16","modified_gmt":"2022-09-23T12:23:16","slug":"trafico-draco-prende-quadrilha","status":"publish","type":"post","link":"https:\/\/diariodamanhapelotas.com.br\/site\/trafico-draco-prende-quadrilha\/","title":{"rendered":"TR\u00c1FICO :  Draco prende quadrilha"},"content":{"rendered":"<p style=\"text-align: center;\"><strong>Na opera\u00e7\u00e3o um colombiano foi preso com fuzil 762 e duas pistolas<\/strong><\/p>\n<p>A Delegacia de Repress\u00e3o \u00e0s A\u00e7\u00f5es Criminosas Organizadas (DRACO), de Pelotas, cujo titular \u00e9 o delegado Rafael Lopes, participou do cumprimento de dois mandados de busca.<\/p>\n<p>O trabalho de apoio operacional a policiais civis da delegacia de Imb\u00e9, resultou em cinco pris\u00f5es. No grupo de criminosos, quatro homens e uma mulher.<\/p>\n<p>COLOMBIANO &#8211; Na quarta-feira, os policiais localizaram e prenderam um colombiano de 33 anos. Com ele, os policiais encontraram armas e muni\u00e7\u00f5es.<\/p>\n<p>FUZIL \u2013 Na apreens\u00e3o, duas pistolas .45 e 9mm, e tamb\u00e9m um fuzil 762. Al\u00e9m das armas, o criminoso tamb\u00e9m estava com muni\u00e7\u00f5es para o fuzil.<\/p>\n<p>DROGAS \u2013 Ao entardecer, ainda na quarta, conforme divulga a equipe da DRACO, ocorreu a pris\u00e3o de quadrilha. Tr\u00eas homens e uma mulher, foram flagrados com entorpecentes.<\/p>\n<p>PRESOS por tr\u00e1fico de drogas, a mulher de quarenta anos, e os homens de 23, 38 e 43 anos, estavam com tr\u00eas quilos de maconha. Al\u00e9m disso, tamb\u00e9m foram localizados 23 inv\u00f3lucros com coca\u00edna, totalizando oito gramas da droga.<\/p>\n<p>Ap\u00f3s os tr\u00e2mites de praxe, os quatro homens foram encaminhados ao Pres\u00eddio Regional de Pelotas (PRP). J\u00e1 a mulher seguiu para a Penitenci\u00e1ria Estadual de Rio Grande (PERG).<\/p>\n<p>De acordo com o delegado Rafael Lopes, o quarteto de traficantes j\u00e1 estava sendo monitorado pela DRACO, e nesta semana houve a oportunidade para a abordagem, com a apreens\u00e3o das drogas.<\/p>\n","protected":false},"excerpt":{"rendered":"<p>Na opera\u00e7\u00e3o um colombiano foi preso com fuzil 762 e duas pistolas A Delegacia de Repress\u00e3o \u00e0s A\u00e7\u00f5es Criminosas Organizadas (DRACO), de Pelotas, cujo titular \u00e9 o delegado Rafael Lopes,<\/p>\n","protected":false},"author":4,"featured_media":121988,"comment_status":"closed","ping_status":"closed","sticky":false,"template":"","format":"standard","meta":[],"categories":[33],"tags":[],"_links":{"self":[{"href":"https:\/\/diariodamanhapelotas.com.br\/site\/wp-json\/wp\/v2\/posts\/121987"}],"collection":[{"href":"https:\/\/diariodamanhapelotas.com.br\/site\/wp-json\/wp\/v2\/posts"}],"about":[{"href":"https:\/\/diariodamanhapelotas.com.br\/site\/wp-json\/wp\/v2\/types\/post"}],"author":[{"embeddable":true,"href":"https:\/\/diariodamanhapelotas.com.br\/site\/wp-json\/wp\/v2\/users\/4"}],"replies":[{"embeddable":true,"href":"https:\/\/diariodamanhapelotas.com.br\/site\/wp-json\/wp\/v2\/comments?post=121987"}],"version-history":[{"count":1,"href":"https:\/\/diariodamanhapelotas.com.br\/site\/wp-json\/wp\/v2\/posts\/121987\/revisions"}],"predecessor-version":[{"id":121989,"href":"https:\/\/diariodamanhapelotas.com.br\/site\/wp-json\/wp\/v2\/posts\/121987\/revisions\/121989"}],"wp:featuredmedia":[{"embeddable":true,"href":"https:\/\/diariodamanhapelotas.com.br\/site\/wp-json\/wp\/v2\/media\/121988"}],"wp:attachment":[{"href":"https:\/\/diariodamanhapelotas.com.br\/site\/wp-json\/wp\/v2\/media?parent=121987"}],"wp:term":[{"taxonomy":"category","embeddable":true,"href":"https:\/\/diariodamanhapelotas.com.br\/site\/wp-json\/wp\/v2\/categories?post=121987"},{"taxonomy":"post_tag","embeddable":true,"href":"https:\/\/diariodamanhapelotas.com.br\/site\/wp-json\/wp\/v2\/tags?post=121987"}],"curies":[{"name":"wp","href":"https:\/\/api.w.org\/{rel}","templated":true}]}}