{"id":121995,"date":"2022-09-23T09:27:33","date_gmt":"2022-09-23T12:27:33","guid":{"rendered":"https:\/\/diariodamanhapelotas.com.br\/site\/?p=121995"},"modified":"2022-09-23T09:27:33","modified_gmt":"2022-09-23T12:27:33","slug":"paula-e-assecap-definem-datas-do-carnaval-2023","status":"publish","type":"post","link":"https:\/\/diariodamanhapelotas.com.br\/site\/paula-e-assecap-definem-datas-do-carnaval-2023\/","title":{"rendered":"Paula e Assecap definem datas do Carnaval 2023"},"content":{"rendered":"<p style=\"text-align: center;\"><strong><em>Festividade de rua de Pelotas ser\u00e1 realizada entre os dias 21 e 26 de fevereiro, com pausa no dia 22. Munic\u00edpio definiu repasse de recursos necess\u00e1rios para realiza\u00e7\u00e3o do evento<\/em><\/strong><\/p>\n<p data-ogsb=\"rgb(255, 255, 255)\"><span data-ogsc=\"rgb(0, 0, 0)\">A prefeita Paula Mascarenhas se reuniu, nesta quinta-feira (22), no Pa\u00e7o Municipal, com representantes da Associa\u00e7\u00e3o das Entidades Carnavalescas de Pelotas (Assecap), para definir quest\u00f5es sobre a realiza\u00e7\u00e3o do Carnaval 2023. Foi confirmada a festividade de rua de Pelotas, que foi realizada pela \u00faltima vez em 2019, para os dias 21, 23, 24, 25 e 26 de fevereiro do pr\u00f3ximo ano.\u00a0<\/span><\/p>\n<p data-ogsb=\"rgb(255, 255, 255)\"><span data-ogsc=\"rgb(0, 0, 0)\">A zona do Porto tamb\u00e9m foi pr\u00e9-definida como o espa\u00e7o que ir\u00e1 sediar o tradicional evento da cidade. Para realiza\u00e7\u00e3o do Carnaval, ser\u00e1 repassado o recurso no valor de R$ 350 mil, em tr\u00eas parcelas (dezembro de 2022, janeiro e fevereiro de 2023) pela Prefeitura, que tamb\u00e9m ficar\u00e1 respons\u00e1vel pelo repasse do valor da premia\u00e7\u00e3o a partir do m\u00eas de fevereiro.<\/span><\/p>\n<p data-ogsb=\"rgb(255, 255, 255)\"><img loading=\"lazy\" class=\"aligncenter  wp-image-121996\" src=\"https:\/\/diariodamanhapelotas.com.br\/site\/wp-content\/uploads\/2022\/09\/reuniao-assecap.jpg\" alt=\"\" width=\"585\" height=\"390\" srcset=\"https:\/\/diariodamanhapelotas.com.br\/site\/wp-content\/uploads\/2022\/09\/reuniao-assecap.jpg 799w, https:\/\/diariodamanhapelotas.com.br\/site\/wp-content\/uploads\/2022\/09\/reuniao-assecap-300x200.jpg 300w, https:\/\/diariodamanhapelotas.com.br\/site\/wp-content\/uploads\/2022\/09\/reuniao-assecap-150x100.jpg 150w, https:\/\/diariodamanhapelotas.com.br\/site\/wp-content\/uploads\/2022\/09\/reuniao-assecap-768x512.jpg 768w\" sizes=\"(max-width: 585px) 100vw, 585px\" \/><\/p>\n<p data-ogsb=\"rgb(255, 255, 255)\"><span data-ogsc=\"rgb(0, 0, 0)\">\u201cA nossa expectativa \u00e9 que em 2023 o Carnaval seja realizado depois desses tr\u00eas anos de restri\u00e7\u00f5es causadas pela pandemia do coronav\u00edrus. Contem com o Munic\u00edpio. Quero muito estar l\u00e1 com voc\u00eas para essa festividade. \u00c9 um esfor\u00e7o em reconhecimento ao Carnaval de Pelotas, para que nossa cultura n\u00e3o se perca e seja valorizada\u201d, frisou a chefe do Executivo pelotense.\u00a0<\/span><\/p>\n<p data-ogsb=\"rgb(255, 255, 255)\"><span data-ogsc=\"rgb(0, 0, 0)\">Participaram da reuni\u00e3o a chefe de Gabinete da prefeita, Kelli Baum, o titular da Secretaria de Cultura, Paulo Pedrozo, e o diretor de Manifesta\u00e7\u00f5es Populares da pasta, Andr\u00e9 Muller, al\u00e9m do presidente da Assecap, Erildo Tanhote Corr\u00eaa, e a diretoria da Associa\u00e7\u00e3o.<\/span><\/p>\n","protected":false},"excerpt":{"rendered":"<p>Festividade de rua de Pelotas ser\u00e1 realizada entre os dias 21 e 26 de fevereiro, com pausa no dia 22. Munic\u00edpio definiu repasse de recursos necess\u00e1rios para realiza\u00e7\u00e3o do evento<\/p>\n","protected":false},"author":4,"featured_media":85134,"comment_status":"closed","ping_status":"closed","sticky":false,"template":"","format":"standard","meta":[],"categories":[305,149],"tags":[],"_links":{"self":[{"href":"https:\/\/diariodamanhapelotas.com.br\/site\/wp-json\/wp\/v2\/posts\/121995"}],"collection":[{"href":"https:\/\/diariodamanhapelotas.com.br\/site\/wp-json\/wp\/v2\/posts"}],"about":[{"href":"https:\/\/diariodamanhapelotas.com.br\/site\/wp-json\/wp\/v2\/types\/post"}],"author":[{"embeddable":true,"href":"https:\/\/diariodamanhapelotas.com.br\/site\/wp-json\/wp\/v2\/users\/4"}],"replies":[{"embeddable":true,"href":"https:\/\/diariodamanhapelotas.com.br\/site\/wp-json\/wp\/v2\/comments?post=121995"}],"version-history":[{"count":1,"href":"https:\/\/diariodamanhapelotas.com.br\/site\/wp-json\/wp\/v2\/posts\/121995\/revisions"}],"predecessor-version":[{"id":121997,"href":"https:\/\/diariodamanhapelotas.com.br\/site\/wp-json\/wp\/v2\/posts\/121995\/revisions\/121997"}],"wp:featuredmedia":[{"embeddable":true,"href":"https:\/\/diariodamanhapelotas.com.br\/site\/wp-json\/wp\/v2\/media\/85134"}],"wp:attachment":[{"href":"https:\/\/diariodamanhapelotas.com.br\/site\/wp-json\/wp\/v2\/media?parent=121995"}],"wp:term":[{"taxonomy":"category","embeddable":true,"href":"https:\/\/diariodamanhapelotas.com.br\/site\/wp-json\/wp\/v2\/categories?post=121995"},{"taxonomy":"post_tag","embeddable":true,"href":"https:\/\/diariodamanhapelotas.com.br\/site\/wp-json\/wp\/v2\/tags?post=121995"}],"curies":[{"name":"wp","href":"https:\/\/api.w.org\/{rel}","templated":true}]}}