{"id":122002,"date":"2022-09-23T09:33:49","date_gmt":"2022-09-23T12:33:49","guid":{"rendered":"https:\/\/diariodamanhapelotas.com.br\/site\/?p=122002"},"modified":"2022-09-23T09:33:49","modified_gmt":"2022-09-23T12:33:49","slug":"eleicoes-do-gremio-esportivo-brasil-regis-andrades-x-evanio-tavares","status":"publish","type":"post","link":"https:\/\/diariodamanhapelotas.com.br\/site\/eleicoes-do-gremio-esportivo-brasil-regis-andrades-x-evanio-tavares\/","title":{"rendered":"ELEI\u00c7\u00d5ES DO GR\u00caMIO ESPORTIVO BRASIL: R\u00e9gis Andrades x Ev\u00e2nio Tavares"},"content":{"rendered":"<p>Por: Henrique K\u00f6nig<\/p>\n<p>Finalizado o per\u00edodo de inscri\u00e7\u00f5es de chapas, h\u00e1 elei\u00e7\u00e3o no Gr\u00eamio Esportivo Brasil, marcada inicialmente para o dia 29 de setembro. No decorrer desta semana, os candidatos Ev\u00e2nio Bandeira Tavares e R\u00e9gis Andrades tentam convencer os s\u00f3cios-eleitores no Xavante. A lista dos aptos a votar est\u00e1 fixada na secretaria do Bento Freitas.<\/p>\n<p>O empres\u00e1rio Ev\u00e2nio liderou o Conselho Deliberativo neste \u00faltimo ano e esteve \u00e0 frente do clube do fim de 2021 para c\u00e1. Rec\u00e9m se licenciou de seu cargo no Deliberativo para concorrer \u00e0 majorit\u00e1ria. De \u00faltima hora, Ev\u00e2nio conseguiu o apoio do ex-presidente Ricardo Fonseca para sua chapa.<\/p>\n<p><img loading=\"lazy\" class=\"aligncenter  wp-image-122004\" src=\"https:\/\/diariodamanhapelotas.com.br\/site\/wp-content\/uploads\/2022\/09\/eleicao-geb.jpeg\" alt=\"\" width=\"584\" height=\"268\" srcset=\"https:\/\/diariodamanhapelotas.com.br\/site\/wp-content\/uploads\/2022\/09\/eleicao-geb.jpeg 800w, https:\/\/diariodamanhapelotas.com.br\/site\/wp-content\/uploads\/2022\/09\/eleicao-geb-300x138.jpeg 300w, https:\/\/diariodamanhapelotas.com.br\/site\/wp-content\/uploads\/2022\/09\/eleicao-geb-150x69.jpeg 150w, https:\/\/diariodamanhapelotas.com.br\/site\/wp-content\/uploads\/2022\/09\/eleicao-geb-768x352.jpeg 768w\" sizes=\"(max-width: 584px) 100vw, 584px\" \/><\/p>\n<p>A oposi\u00e7\u00e3o \u00e9 encabe\u00e7ada pelo engenheiro agr\u00f4nomo R\u00e9gis Andrades, l\u00edder da chapa que apontava a pr\u00e9-candidatura de Vilmar Fernandes. O grupo, que conta tamb\u00e9m com o apoio do ex-vice-presidente Carlos Monks prega transpar\u00eancia no Gr\u00eamio Esportivo Brasil. Eles demonstram preocupa\u00e7\u00e3o com os rumos do futebol na Baixada.<\/p>\n<p>O ex-presidente H\u00e9lder Lopes, que liderou o clube no dif\u00edcil per\u00edodo entre 2007 e 2010, era cotado para concorrer ao pleito ou estar na nominata da chapa de oposi\u00e7\u00e3o, mas, alegando problemas de sa\u00fade, resolveu acompanhar a elei\u00e7\u00e3o com certo resguardo. Por\u00e9m, pode aparecer futuramente como apoio \u00e0 chapa de R\u00e9gis Andrades.<\/p>\n<p>O nome do treinador Rog\u00e9rio Zimmermann \u00e9 desejo de ambos os concorrentes. Ele aceitaria voltar ao Bento Freitas se for apresentado um bom projeto, que lhe d\u00ea sustenta\u00e7\u00e3o no clube.<\/p>\n","protected":false},"excerpt":{"rendered":"<p>Por: Henrique K\u00f6nig Finalizado o per\u00edodo de inscri\u00e7\u00f5es de chapas, h\u00e1 elei\u00e7\u00e3o no Gr\u00eamio Esportivo Brasil, marcada inicialmente para o dia 29 de setembro. No decorrer desta semana, os candidatos<\/p>\n","protected":false},"author":4,"featured_media":108963,"comment_status":"closed","ping_status":"closed","sticky":false,"template":"","format":"standard","meta":[],"categories":[868,29,865],"tags":[],"_links":{"self":[{"href":"https:\/\/diariodamanhapelotas.com.br\/site\/wp-json\/wp\/v2\/posts\/122002"}],"collection":[{"href":"https:\/\/diariodamanhapelotas.com.br\/site\/wp-json\/wp\/v2\/posts"}],"about":[{"href":"https:\/\/diariodamanhapelotas.com.br\/site\/wp-json\/wp\/v2\/types\/post"}],"author":[{"embeddable":true,"href":"https:\/\/diariodamanhapelotas.com.br\/site\/wp-json\/wp\/v2\/users\/4"}],"replies":[{"embeddable":true,"href":"https:\/\/diariodamanhapelotas.com.br\/site\/wp-json\/wp\/v2\/comments?post=122002"}],"version-history":[{"count":1,"href":"https:\/\/diariodamanhapelotas.com.br\/site\/wp-json\/wp\/v2\/posts\/122002\/revisions"}],"predecessor-version":[{"id":122005,"href":"https:\/\/diariodamanhapelotas.com.br\/site\/wp-json\/wp\/v2\/posts\/122002\/revisions\/122005"}],"wp:featuredmedia":[{"embeddable":true,"href":"https:\/\/diariodamanhapelotas.com.br\/site\/wp-json\/wp\/v2\/media\/108963"}],"wp:attachment":[{"href":"https:\/\/diariodamanhapelotas.com.br\/site\/wp-json\/wp\/v2\/media?parent=122002"}],"wp:term":[{"taxonomy":"category","embeddable":true,"href":"https:\/\/diariodamanhapelotas.com.br\/site\/wp-json\/wp\/v2\/categories?post=122002"},{"taxonomy":"post_tag","embeddable":true,"href":"https:\/\/diariodamanhapelotas.com.br\/site\/wp-json\/wp\/v2\/tags?post=122002"}],"curies":[{"name":"wp","href":"https:\/\/api.w.org\/{rel}","templated":true}]}}