{"id":122394,"date":"2022-10-06T11:09:51","date_gmt":"2022-10-06T14:09:51","guid":{"rendered":"https:\/\/diariodamanhapelotas.com.br\/site\/?p=122394"},"modified":"2022-10-06T11:09:51","modified_gmt":"2022-10-06T14:09:51","slug":"edicao-de-06-de-outubro-de-2022","status":"publish","type":"post","link":"https:\/\/diariodamanhapelotas.com.br\/site\/edicao-de-06-de-outubro-de-2022\/","title":{"rendered":"Edi\u00e7\u00e3o de 06 de outubro de 2022"},"content":{"rendered":"<p><strong>EDI\u00c7\u00c3O VIRTUAL AQUI: <a href=\"https:\/\/fliphtml5.com\/dtqu\/rqqr\" target=\"_blank\" rel=\"noopener noreferrer\">https:\/\/fliphtml5.com\/dtqu\/rqqr<\/a><\/strong><\/p>\n<p><img loading=\"lazy\" class=\" wp-image-122395 alignright\" src=\"https:\/\/diariodamanhapelotas.com.br\/site\/wp-content\/uploads\/2022\/10\/dm06out2022.jpg\" alt=\"\" width=\"351\" height=\"492\" srcset=\"https:\/\/diariodamanhapelotas.com.br\/site\/wp-content\/uploads\/2022\/10\/dm06out2022.jpg 428w, https:\/\/diariodamanhapelotas.com.br\/site\/wp-content\/uploads\/2022\/10\/dm06out2022-214x300.jpg 214w, https:\/\/diariodamanhapelotas.com.br\/site\/wp-content\/uploads\/2022\/10\/dm06out2022-107x150.jpg 107w\" sizes=\"(max-width: 351px) 100vw, 351px\" \/>Bom dia amigos! Fechou o tempo e chove bastante na Princesa do Sul desde as primeiras horas da manh\u00e3 desta quinta-feira. A edi\u00e7\u00e3o impressa do seu DI\u00c1RIO DA MANH\u00c3 circula com as seguintes manchetes:<\/p>\n<ul>\n<li>Estado vai pagar SOS Estiagem para 69 mil agricultores familiares;<\/li>\n<li>Horto Municipal agenda visitas;<\/li>\n<li>Popula\u00e7\u00e3o do S\u00e3o Gon\u00e7alo pode fazer testagem para s\u00edfilis;<\/li>\n<li>Noite de homenagens na 96\u00aa Expofeira;<\/li>\n<li>Associa\u00e7\u00e3o Comercial organiza comemora\u00e7\u00f5es dos 150 anos;<\/li>\n<li>Pelotenses s\u00e3o selecionados para a segunda etapa do DUXtec;<\/li>\n<li>Criminoso \u00e9 preso na Zona Norte;<\/li>\n<li>Pelotenses se destacam no Remo, nos Jogos Sul-Americanos;<\/li>\n<li>Despedida a dois pioneiros da cultura negra em Pelotas;<\/li>\n<li>Lan\u00e7ada a Abertura da 33\u00aa Colheita do Arroz.<\/li>\n<\/ul>\n<p>Tem muito mais em nossa edi\u00e7\u00e3o impressa. Receba todo o nosso conte\u00fado: ASSINE J\u00c1 O DM! Ligue (53) 3225.1716 em hor\u00e1rio comercial e conhe\u00e7a nossos planos.<\/p>\n<p>CURTA NOSSO PERFIL NO <a href=\"https:\/\/www.facebook.com\/diariodamanhapelotas\">FACEBOOK<\/a>!<\/p>\n<p>Siga-nos no Instagram: @diariodamanhapelotas<\/p>\n","protected":false},"excerpt":{"rendered":"<p>EDI\u00c7\u00c3O VIRTUAL AQUI: https:\/\/fliphtml5.com\/dtqu\/rqqr Bom dia amigos! Fechou o tempo e chove bastante na Princesa do Sul desde as primeiras horas da manh\u00e3 desta quinta-feira. A edi\u00e7\u00e3o impressa do seu<\/p>\n","protected":false},"author":3,"featured_media":115987,"comment_status":"closed","ping_status":"closed","sticky":false,"template":"","format":"standard","meta":[],"categories":[305,149],"tags":[],"_links":{"self":[{"href":"https:\/\/diariodamanhapelotas.com.br\/site\/wp-json\/wp\/v2\/posts\/122394"}],"collection":[{"href":"https:\/\/diariodamanhapelotas.com.br\/site\/wp-json\/wp\/v2\/posts"}],"about":[{"href":"https:\/\/diariodamanhapelotas.com.br\/site\/wp-json\/wp\/v2\/types\/post"}],"author":[{"embeddable":true,"href":"https:\/\/diariodamanhapelotas.com.br\/site\/wp-json\/wp\/v2\/users\/3"}],"replies":[{"embeddable":true,"href":"https:\/\/diariodamanhapelotas.com.br\/site\/wp-json\/wp\/v2\/comments?post=122394"}],"version-history":[{"count":1,"href":"https:\/\/diariodamanhapelotas.com.br\/site\/wp-json\/wp\/v2\/posts\/122394\/revisions"}],"predecessor-version":[{"id":122396,"href":"https:\/\/diariodamanhapelotas.com.br\/site\/wp-json\/wp\/v2\/posts\/122394\/revisions\/122396"}],"wp:featuredmedia":[{"embeddable":true,"href":"https:\/\/diariodamanhapelotas.com.br\/site\/wp-json\/wp\/v2\/media\/115987"}],"wp:attachment":[{"href":"https:\/\/diariodamanhapelotas.com.br\/site\/wp-json\/wp\/v2\/media?parent=122394"}],"wp:term":[{"taxonomy":"category","embeddable":true,"href":"https:\/\/diariodamanhapelotas.com.br\/site\/wp-json\/wp\/v2\/categories?post=122394"},{"taxonomy":"post_tag","embeddable":true,"href":"https:\/\/diariodamanhapelotas.com.br\/site\/wp-json\/wp\/v2\/tags?post=122394"}],"curies":[{"name":"wp","href":"https:\/\/api.w.org\/{rel}","templated":true}]}}