{"id":123683,"date":"2022-11-28T10:25:40","date_gmt":"2022-11-28T13:25:40","guid":{"rendered":"https:\/\/diariodamanhapelotas.com.br\/site\/?p=123683"},"modified":"2022-11-28T10:25:40","modified_gmt":"2022-11-28T13:25:40","slug":"brigada-militar-antecipa-operacao-papai-noel","status":"publish","type":"post","link":"https:\/\/diariodamanhapelotas.com.br\/site\/brigada-militar-antecipa-operacao-papai-noel\/","title":{"rendered":"Brigada Militar antecipa Opera\u00e7\u00e3o Papai Noel"},"content":{"rendered":"<p>A tradicional Opera\u00e7\u00e3o Papai Noel da Brigada Militar, que normalmente ocorre no m\u00eas de dezembro, este ano foi antecipada e lan\u00e7ada na manh\u00e3 de sexta-feira, em todo o Rio Grande do Sul.<\/p>\n<p>A a\u00e7\u00e3o especial da BM, que ocorre at\u00e9 o final do m\u00eas de dezembro, tem como objetivo garantir a tranquilidade e seguran\u00e7a da popula\u00e7\u00e3o nas festas de final de ano.<\/p>\n<p>Est\u00e3o mobilizados os catorze Comandos Regionais de Policiamento Ostensivo (CRPO\u2019s), o Comando de Policiamento Metropolitano (CPM) e o Comando de Policiamento da Capital (CPC), al\u00e9m do apoio do Batalh\u00e3o de Opera\u00e7\u00f5es Especiais (BOPE), do Comando de Pol\u00edcia de Choque (CPChq), do Policiamento Montado (Regimentos) e dos Pelot\u00f5es Especiais de Motociclistas.<\/p>\n<p>O comandante-geral da Brigada Militar, coronel Cl\u00e1udio dos Santos Feoli, participou do lan\u00e7amento, que foi realizado na Pra\u00e7a XV em Porto Alegre.<\/p>\n<p>\u201cA BM antecipa este ano a Opera\u00e7\u00e3o Papai Noel, para que tenhamos mais foco nas \u00e1reas comerciais, diante da quantidade de pessoas que devem se dirigir para estes locais, em raz\u00e3o das festas de fim de ano\u201d, enfatizou coronel Feoli.<\/p>\n<p>\u201cQueremos que a popula\u00e7\u00e3o tenha um final de ano tranquilo, portanto vamos cobrir estas \u00e1reas de grande circula\u00e7\u00e3o e aumentar a sensa\u00e7\u00e3o de seguran\u00e7a da popula\u00e7\u00e3o atrav\u00e9s da visibilidade e frustrar a a\u00e7\u00e3o de poss\u00edveis criminosos\u201d, explicou o comandante do CPC, coronel Luciano Moritz Bueno.<\/p>\n","protected":false},"excerpt":{"rendered":"<p>A tradicional Opera\u00e7\u00e3o Papai Noel da Brigada Militar, que normalmente ocorre no m\u00eas de dezembro, este ano foi antecipada e lan\u00e7ada na manh\u00e3 de sexta-feira, em todo o Rio Grande<\/p>\n","protected":false},"author":4,"featured_media":123685,"comment_status":"closed","ping_status":"closed","sticky":false,"template":"","format":"standard","meta":[],"categories":[305,33],"tags":[],"_links":{"self":[{"href":"https:\/\/diariodamanhapelotas.com.br\/site\/wp-json\/wp\/v2\/posts\/123683"}],"collection":[{"href":"https:\/\/diariodamanhapelotas.com.br\/site\/wp-json\/wp\/v2\/posts"}],"about":[{"href":"https:\/\/diariodamanhapelotas.com.br\/site\/wp-json\/wp\/v2\/types\/post"}],"author":[{"embeddable":true,"href":"https:\/\/diariodamanhapelotas.com.br\/site\/wp-json\/wp\/v2\/users\/4"}],"replies":[{"embeddable":true,"href":"https:\/\/diariodamanhapelotas.com.br\/site\/wp-json\/wp\/v2\/comments?post=123683"}],"version-history":[{"count":1,"href":"https:\/\/diariodamanhapelotas.com.br\/site\/wp-json\/wp\/v2\/posts\/123683\/revisions"}],"predecessor-version":[{"id":123686,"href":"https:\/\/diariodamanhapelotas.com.br\/site\/wp-json\/wp\/v2\/posts\/123683\/revisions\/123686"}],"wp:featuredmedia":[{"embeddable":true,"href":"https:\/\/diariodamanhapelotas.com.br\/site\/wp-json\/wp\/v2\/media\/123685"}],"wp:attachment":[{"href":"https:\/\/diariodamanhapelotas.com.br\/site\/wp-json\/wp\/v2\/media?parent=123683"}],"wp:term":[{"taxonomy":"category","embeddable":true,"href":"https:\/\/diariodamanhapelotas.com.br\/site\/wp-json\/wp\/v2\/categories?post=123683"},{"taxonomy":"post_tag","embeddable":true,"href":"https:\/\/diariodamanhapelotas.com.br\/site\/wp-json\/wp\/v2\/tags?post=123683"}],"curies":[{"name":"wp","href":"https:\/\/api.w.org\/{rel}","templated":true}]}}