{"id":123687,"date":"2022-11-28T10:26:22","date_gmt":"2022-11-28T13:26:22","guid":{"rendered":"https:\/\/diariodamanhapelotas.com.br\/site\/?p=123687"},"modified":"2022-11-28T10:26:22","modified_gmt":"2022-11-28T13:26:22","slug":"combate-ao-abigeato-na-regiao","status":"publish","type":"post","link":"https:\/\/diariodamanhapelotas.com.br\/site\/combate-ao-abigeato-na-regiao\/","title":{"rendered":"Combate ao abigeato na regi\u00e3o"},"content":{"rendered":"<p>Na quinta-feira, em continuidade \u00e0s a\u00e7\u00f5es que visam o combate aos abigeatos, que t\u00eam ocorrido nos munic\u00edpios de Rio Grande e Santa Vitoria do Palmar, a Pol\u00edcia Civil, atrav\u00e9s do N\u00facleo de Combate ao Abigeato e Crimes Rurais de Rio Grande, cumpriu quatro mandados de busca e apreens\u00e3o.<\/p>\n<p>A a\u00e7\u00e3o ocorreu na localidade da Capilha, que est\u00e1 pr\u00f3xima \u00e0 divisa entre os munic\u00edpios de Rio Grande e Santa Vit\u00f3ria do Palmar.<\/p>\n<p>Na resid\u00eancia de um dos investigados, houve a apreens\u00e3o de duas espingardas calibre 22. Al\u00e9m disso, tamb\u00e9m foram recolhidas muni\u00e7\u00f5es para calibre 22, bem como carregadores, balan\u00e7a e equipamentos utilizados para o abigeato.<\/p>\n","protected":false},"excerpt":{"rendered":"<p>Na quinta-feira, em continuidade \u00e0s a\u00e7\u00f5es que visam o combate aos abigeatos, que t\u00eam ocorrido nos munic\u00edpios de Rio Grande e Santa Vitoria do Palmar, a Pol\u00edcia Civil, atrav\u00e9s do<\/p>\n","protected":false},"author":4,"featured_media":123688,"comment_status":"closed","ping_status":"closed","sticky":false,"template":"","format":"standard","meta":[],"categories":[33],"tags":[],"_links":{"self":[{"href":"https:\/\/diariodamanhapelotas.com.br\/site\/wp-json\/wp\/v2\/posts\/123687"}],"collection":[{"href":"https:\/\/diariodamanhapelotas.com.br\/site\/wp-json\/wp\/v2\/posts"}],"about":[{"href":"https:\/\/diariodamanhapelotas.com.br\/site\/wp-json\/wp\/v2\/types\/post"}],"author":[{"embeddable":true,"href":"https:\/\/diariodamanhapelotas.com.br\/site\/wp-json\/wp\/v2\/users\/4"}],"replies":[{"embeddable":true,"href":"https:\/\/diariodamanhapelotas.com.br\/site\/wp-json\/wp\/v2\/comments?post=123687"}],"version-history":[{"count":1,"href":"https:\/\/diariodamanhapelotas.com.br\/site\/wp-json\/wp\/v2\/posts\/123687\/revisions"}],"predecessor-version":[{"id":123689,"href":"https:\/\/diariodamanhapelotas.com.br\/site\/wp-json\/wp\/v2\/posts\/123687\/revisions\/123689"}],"wp:featuredmedia":[{"embeddable":true,"href":"https:\/\/diariodamanhapelotas.com.br\/site\/wp-json\/wp\/v2\/media\/123688"}],"wp:attachment":[{"href":"https:\/\/diariodamanhapelotas.com.br\/site\/wp-json\/wp\/v2\/media?parent=123687"}],"wp:term":[{"taxonomy":"category","embeddable":true,"href":"https:\/\/diariodamanhapelotas.com.br\/site\/wp-json\/wp\/v2\/categories?post=123687"},{"taxonomy":"post_tag","embeddable":true,"href":"https:\/\/diariodamanhapelotas.com.br\/site\/wp-json\/wp\/v2\/tags?post=123687"}],"curies":[{"name":"wp","href":"https:\/\/api.w.org\/{rel}","templated":true}]}}