{"id":124236,"date":"2022-12-14T18:06:57","date_gmt":"2022-12-14T21:06:57","guid":{"rendered":"https:\/\/diariodamanhapelotas.com.br\/site\/?p=124236"},"modified":"2022-12-14T18:09:33","modified_gmt":"2022-12-14T21:09:33","slug":"medicina-da-ucpel-completa-60-anos","status":"publish","type":"post","link":"https:\/\/diariodamanhapelotas.com.br\/site\/medicina-da-ucpel-completa-60-anos\/","title":{"rendered":"Medicina da UCPel completa 60 anos"},"content":{"rendered":"<p dir=\"ltr\" style=\"text-align: center;\"><strong>Celebra\u00e7\u00e3o no Campus Sa\u00fade ocorre nesta quinta-feira (15), \u00e0s 9h30, e marca a abertura das comemora\u00e7\u00f5es das bodas de diamante\u00a0<\/strong><\/p>\n<p dir=\"ltr\"><span data-ogsc=\"rgb(0, 0, 0)\">O curso de Medicina da Cat\u00f3lica de Pelotas completa 60 anos nesta quinta-feira (15). Ao longo de seis d\u00e9cadas, foi respons\u00e1vel pela forma\u00e7\u00e3o de mais de 4,3 mil m\u00e9dicos. A ousada ideia de Franklin Oliv\u00e9 Leite em criar o primeiro curso de Medicina da Zona Sul Rio Grande do Sul encontrou, no fundador da UCPel, Dom Ant\u00f4nio Zattera, o alicerce necess\u00e1rio para transformar o sonho em realidade.\u00a0<\/span><\/p>\n<p dir=\"ltr\"><span data-ogsc=\"rgb(0, 0, 0)\">Para celebrar a data, uma cerim\u00f4nia marcada para ocorrer \u00e0s 9h30 no Campus Dr. Franklin Oliv\u00e9 Leite (Campus Sa\u00fade) abre as comemora\u00e7\u00f5es das bodas de diamante que prosseguir\u00e3o ao longo de 2023. Dentre as atividades previstas para o pr\u00f3ximo ano est\u00e3o uma acolhida especial aos alunos da Medicina e uma r\u00fastica.\u00a0\u00a0\u00a0\u00a0<\/span><\/p>\n<p dir=\"ltr\"><span data-ogsc=\"rgb(0, 0, 0)\">De 1962 pra c\u00e1, a Medicina da UCPel tornou-se a maior escola m\u00e9dica do estado. No caminho alguns percal\u00e7os ocorreram, mas o objetivo maior, conforme lembra o reitor, Jos\u00e9 Carlos Pereira Bachettini J\u00fanior, &#8211; de formar m\u00e9dicos tecnicamente capazes, de forma\u00e7\u00e3o humana, preocupados com a quest\u00e3o social e com a popula\u00e7\u00e3o carente &#8211; nunca ficou em segundo plano.\u00a0<\/span><\/p>\n<div id=\"attachment_124237\" style=\"width: 652px\" class=\"wp-caption aligncenter\"><img aria-describedby=\"caption-attachment-124237\" loading=\"lazy\" class=\" wp-image-124237\" src=\"https:\/\/diariodamanhapelotas.com.br\/site\/wp-content\/uploads\/2022\/12\/projeto-ampliacao-do-campus-saude.jpg\" alt=\"\" width=\"642\" height=\"361\" srcset=\"https:\/\/diariodamanhapelotas.com.br\/site\/wp-content\/uploads\/2022\/12\/projeto-ampliacao-do-campus-saude.jpg 800w, https:\/\/diariodamanhapelotas.com.br\/site\/wp-content\/uploads\/2022\/12\/projeto-ampliacao-do-campus-saude-300x169.jpg 300w, https:\/\/diariodamanhapelotas.com.br\/site\/wp-content\/uploads\/2022\/12\/projeto-ampliacao-do-campus-saude-150x84.jpg 150w, https:\/\/diariodamanhapelotas.com.br\/site\/wp-content\/uploads\/2022\/12\/projeto-ampliacao-do-campus-saude-768x432.jpg 768w\" sizes=\"(max-width: 642px) 100vw, 642px\" \/><p id=\"caption-attachment-124237\" class=\"wp-caption-text\">Projeto amplia\u00e7\u00e3o do Campus Sa\u00fade<\/p><\/div>\n<p dir=\"ltr\"><span data-ogsc=\"rgb(0, 0, 0)\">Para abrigar novo ciclo de 1080 alunos, n\u00famero que ser\u00e1 alcan\u00e7ado em 2023, pr\u00e9dios e novos espa\u00e7os est\u00e3o sendo constru\u00eddos no Campus Sa\u00fade. Com investimentos de <\/span><span data-ogsc=\"rgb(0, 0, 0)\">R$15 milh\u00f5es oriundos de recursos pr\u00f3prios, a institui\u00e7\u00e3o dever\u00e1 ampliar em 100% a \u00e1rea constru\u00edda no local que tamb\u00e9m \u00e9 destinado ao atendimento da popula\u00e7\u00e3o via Sistema \u00danico de Sa\u00fade (SUS).\u00a0\u00a0<\/span><\/p>\n<p dir=\"ltr\"><span data-ogsc=\"rgb(0, 0, 0)\">Assim como na infraestrutura, os laborat\u00f3rios do curso tamb\u00e9m receberam investimentos nos \u00faltimos anos. Com destaque a cria\u00e7\u00e3o do Laborat\u00f3rio de Simula\u00e7\u00e3o Real\u00edstica (Simlab), um dos mais modernos do pa\u00eds, que possui manequins de alta fidelidade e responsivos aos tratamentos ministrados. Destaque tamb\u00e9m para a mesa sectra, um grande tablet que auxilia a visualiza\u00e7\u00e3o de imagens diagn\u00f3sticas para as ci\u00eancias da sa\u00fade em 3D.\u00a0\u00a0<\/span><\/p>\n<p dir=\"ltr\"><span data-ogsc=\"rgb(0, 0, 0)\">Na cerim\u00f4nia de celebra\u00e7\u00e3o dos 60 anos do curso, detalhes de todas as obras ser\u00e3o apresentados. Ainda, haver\u00e1 espa\u00e7o para relembrar algumas das hist\u00f3rias vivenciadas por alunos e professores da gradua\u00e7\u00e3o. Ir\u00e3o participar da celebra\u00e7\u00e3o que abre a programa\u00e7\u00e3o dos 60 anos da Medicina autoridades, ex-docentes, docentes, funcion\u00e1rios, egressos, alunos, imprensa e institui\u00e7\u00f5es parceiras da UCPel.\u00a0<\/span><\/p>\n","protected":false},"excerpt":{"rendered":"<p>Celebra\u00e7\u00e3o no Campus Sa\u00fade ocorre nesta quinta-feira (15), \u00e0s 9h30, e marca a abertura das comemora\u00e7\u00f5es das bodas de diamante\u00a0 O curso de Medicina da Cat\u00f3lica de Pelotas completa 60<\/p>\n","protected":false},"author":4,"featured_media":103198,"comment_status":"closed","ping_status":"closed","sticky":false,"template":"","format":"standard","meta":[],"categories":[305,30],"tags":[],"_links":{"self":[{"href":"https:\/\/diariodamanhapelotas.com.br\/site\/wp-json\/wp\/v2\/posts\/124236"}],"collection":[{"href":"https:\/\/diariodamanhapelotas.com.br\/site\/wp-json\/wp\/v2\/posts"}],"about":[{"href":"https:\/\/diariodamanhapelotas.com.br\/site\/wp-json\/wp\/v2\/types\/post"}],"author":[{"embeddable":true,"href":"https:\/\/diariodamanhapelotas.com.br\/site\/wp-json\/wp\/v2\/users\/4"}],"replies":[{"embeddable":true,"href":"https:\/\/diariodamanhapelotas.com.br\/site\/wp-json\/wp\/v2\/comments?post=124236"}],"version-history":[{"count":2,"href":"https:\/\/diariodamanhapelotas.com.br\/site\/wp-json\/wp\/v2\/posts\/124236\/revisions"}],"predecessor-version":[{"id":124240,"href":"https:\/\/diariodamanhapelotas.com.br\/site\/wp-json\/wp\/v2\/posts\/124236\/revisions\/124240"}],"wp:featuredmedia":[{"embeddable":true,"href":"https:\/\/diariodamanhapelotas.com.br\/site\/wp-json\/wp\/v2\/media\/103198"}],"wp:attachment":[{"href":"https:\/\/diariodamanhapelotas.com.br\/site\/wp-json\/wp\/v2\/media?parent=124236"}],"wp:term":[{"taxonomy":"category","embeddable":true,"href":"https:\/\/diariodamanhapelotas.com.br\/site\/wp-json\/wp\/v2\/categories?post=124236"},{"taxonomy":"post_tag","embeddable":true,"href":"https:\/\/diariodamanhapelotas.com.br\/site\/wp-json\/wp\/v2\/tags?post=124236"}],"curies":[{"name":"wp","href":"https:\/\/api.w.org\/{rel}","templated":true}]}}