{"id":124611,"date":"2022-12-28T08:42:10","date_gmt":"2022-12-28T11:42:10","guid":{"rendered":"https:\/\/diariodamanhapelotas.com.br\/site\/?p=124611"},"modified":"2022-12-28T08:42:10","modified_gmt":"2022-12-28T11:42:10","slug":"6a-feira-do-morango-mais-de-15-toneladas-de-morango-ja-foram-vendidas-em-pelotas","status":"publish","type":"post","link":"https:\/\/diariodamanhapelotas.com.br\/site\/6a-feira-do-morango-mais-de-15-toneladas-de-morango-ja-foram-vendidas-em-pelotas\/","title":{"rendered":"6\u00aa FEIRA DO MORANGO : Mais de 15 toneladas de morango j\u00e1 foram vendidas em Pelotas"},"content":{"rendered":"<p>A Feira Municipal do Morango, promovida pela Prefeitura de Pelotas, iniciada no dia 23 de outubro e com data prevista para encerramento no dia 30 deste m\u00eas, ser\u00e1 prorrogada at\u00e9 15 de janeiro de 2023. A decis\u00e3o foi tomada em reuni\u00e3o na manh\u00e3 desta quinta-feira (22). Participaram representantes da Secretaria de Desenvolvimento Rural (SDR), respons\u00e1vel pela organiza\u00e7\u00e3o da Feira, da Emater, Embrapa, Sindicato dos Trabalhadores Agricultores Familiares de Pelotas e produtores.<\/p>\n<p><span style=\"font-size: 12.0pt; line-height: 150%; font-family: 'Arial',sans-serif; color: black; mso-fareast-language: PT-BR;\" data-ogsc=\"black\"><img loading=\"lazy\" class=\"alignleft size-medium wp-image-27729\" src=\"https:\/\/diariodamanhapelotas.com.br\/site\/wp-content\/uploads\/2014\/09\/Morango02-300x225.jpg\" alt=\"\" width=\"300\" height=\"225\" srcset=\"https:\/\/diariodamanhapelotas.com.br\/site\/wp-content\/uploads\/2014\/09\/Morango02-300x225.jpg 300w, https:\/\/diariodamanhapelotas.com.br\/site\/wp-content\/uploads\/2014\/09\/Morango02.jpg 800w\" sizes=\"(max-width: 300px) 100vw, 300px\" \/>\u201cAs vendas est\u00e3o superando as expectativas e haver\u00e1 produ\u00e7\u00e3o garantida para que a Feira se estenda por um per\u00edodo maior. As avalia\u00e7\u00f5es de parte dos envolvidos, quanto \u00e0 comercializa\u00e7\u00e3o direta do produtor ao consumidor, s\u00e3o positivas. O morango, na Feira Municipal, \u00e9 entregue \u00e0 popula\u00e7\u00e3o com qualidade e pre\u00e7o justo para quem adquire e para quem produz. Al\u00e9m disso, h\u00e1 op\u00e7\u00f5es de derivados, como cucas e geleias, com grande procura\u201d, disse o diretor executivo da Secretaria de Desenvolvimento Rural, Romualdo Cunha J\u00fanior, que representou o secret\u00e1rio Idemar Barz no encontro.<\/span><\/p>\n<p><span style=\"font-size: 12.0pt; line-height: 150%; font-family: 'Arial',sans-serif; color: black; mso-fareast-language: PT-BR;\" data-ogsc=\"black\">Desde a abertura, no dia 23 de outubro, at\u00e9 a quarta-feira (21), a 6\u00aa Feira Municipal do Morango contabilizou a venda de mais de 15 mil quilos da fruta in natura, al\u00e9m de 2,2 mil cucas e 2 mil embalagens de geleia. A Feira prosseguir\u00e1 nas bancas instaladas no Largo do Mercado Central e nos bairros, das 9 \u00e0s 17h. O morango \u00e9 disponibilizado em embalagem padronizada, aos pre\u00e7os de R$ 15,00 o tipo II e a R$ 18,00 o tipo I.<\/span><\/p>\n<p><strong><span style=\"font-size: 12.0pt; line-height: 150%; font-family: 'Arial',sans-serif; color: black; mso-fareast-language: PT-BR;\" data-ogsc=\"black\">Veja onde fica a banca mais pr\u00f3xima<\/span><\/strong><\/p>\n<ul>\n<li><span style=\"font-size: 12.0pt; line-height: 150%; font-family: 'Arial',sans-serif; color: black; mso-fareast-language: PT-BR;\" data-ogsc=\"black\">&#8211; De segundas-feiras a s\u00e1bados \u2013 Largo do Mercado Central<\/span><\/li>\n<li><span style=\"font-size: 12.0pt; line-height: 150%; font-family: 'Arial',sans-serif; color: black; mso-fareast-language: PT-BR;\" data-ogsc=\"black\">&#8211; Segundas-feiras \u2013 Terra Nova (Tr\u00eas Vendas)<\/span><\/li>\n<li><span style=\"font-size: 12.0pt; line-height: 150%; font-family: 'Arial',sans-serif; color: black; mso-fareast-language: PT-BR;\" data-ogsc=\"black\">&#8211; Ter\u00e7as-feiras \u2013 avenida Dom Joaquim esquina rua Gon\u00e7alves Chaves<\/span><\/li>\n<li><span style=\"font-size: 12.0pt; line-height: 150%; font-family: 'Arial',sans-serif; color: black; mso-fareast-language: PT-BR;\" data-ogsc=\"black\">&#8211; Quartas-feiras \u2013 proximidades do Big, do Atacad\u00e3o e na avenida Fernando Os\u00f3rio na entrada da Cohab Lindoia<\/span><\/li>\n<li><span style=\"font-size: 12.0pt; line-height: 150%; font-family: 'Arial',sans-serif; color: black; mso-fareast-language: PT-BR;\" data-ogsc=\"black\">&#8211; Quintas-feiras \u2013 avenida Salgado Filho (Havan)<\/span><\/li>\n<li><span style=\"font-size: 12.0pt; line-height: 150%; font-family: 'Arial',sans-serif; color: black; mso-fareast-language: PT-BR;\" data-ogsc=\"black\">&#8211; Sextas-feiras \u2013 avenida Dom Joaquim esquina rua Gon\u00e7alves Chaves<\/span><\/li>\n<li><span style=\"font-size: 12.0pt; line-height: 150%; font-family: 'Arial',sans-serif; color: black; mso-fareast-language: PT-BR;\" data-ogsc=\"black\">&#8211; S\u00e1bados &#8211; avenida Rio Grande do Sul esquina Ant\u00f4nio Augusto Assump\u00e7\u00e3o J\u00fanior (Laranjal), proximidades do Trapiche do Laranjal e na avenida Salgado Filho (Havan)<\/span><\/li>\n<li><span style=\"font-size: 12.0pt; line-height: 150%; font-family: 'Arial',sans-serif; color: black; mso-fareast-language: PT-BR;\" data-ogsc=\"black\">&#8211; Domingos &#8211; avenida Rio Grande do Sul esquina Ant\u00f4nio Augusto Assump\u00e7\u00e3o J\u00fanior (Laranjal) e proximidades do Trapiche<\/span><\/li>\n<\/ul>\n<p><strong><span style=\"font-size: 12.0pt; line-height: 150%; font-family: 'Arial',sans-serif; color: black; mso-fareast-language: PT-BR;\" data-ogsc=\"black\">Planejamento para a Festa do Morango de 2023<\/span><\/strong><\/p>\n<p><span style=\"font-size: 12.0pt; line-height: 150%; font-family: 'Arial',sans-serif; color: black; mso-fareast-language: PT-BR;\" data-ogsc=\"black\">O encontro, al\u00e9m de tratar sobre a Feira e avaliar resultados at\u00e9 o momento, tamb\u00e9m serviu para dar in\u00edcio \u00e0s tratativas para a 5\u00aa Festa Municipal do Morango de 2023. A deste ano, realizada no parque Stone Land, Cascata, 5\u00ba distrito de Pelotas, nos dias 12 e 13 de novembro, bateu recorde de p\u00fablico quanto \u00e0s edi\u00e7\u00f5es anteriores, registrando mais de 20 mil pessoas durante os dois dias do evento.<\/span><\/p>\n<p><span style=\"font-size: 12.0pt; line-height: 150%; font-family: 'Arial',sans-serif; color: black; mso-fareast-language: PT-BR;\" data-ogsc=\"black\">\u201cFicou agendada, para o dia 12 de janeiro, nova reuni\u00e3o com o grupo, visando \u00e0 defini\u00e7\u00e3o do local para a Festa de 2023. O parque Stone Land \u00e9 uma das op\u00e7\u00f5es, mas h\u00e1 outras. Vamos analisar e optar pelo melhor ponto para acesso do p\u00fablico e dos produtores\u201d, informa a diretora do Servi\u00e7o de Apoio \u00e0 Agricultura Familiar da SDR, engenheira agr\u00edcola Rejane Jorge.<\/span><\/p>\n<p><span style=\"font-size: 12.0pt; line-height: 150%; font-family: 'Arial',sans-serif; color: black; mso-fareast-language: PT-BR;\" data-ogsc=\"black\">A diretora de Turismo Rural da SDR, turism\u00f3loga Veridiane Souza, participativa na organiza\u00e7\u00e3o dos eventos relacionados ao interior do munic\u00edpio, acompanhou a reuni\u00e3o.<\/span><\/p>\n<p>&nbsp;<\/p>\n","protected":false},"excerpt":{"rendered":"<p>A Feira Municipal do Morango, promovida pela Prefeitura de Pelotas, iniciada no dia 23 de outubro e com data prevista para encerramento no dia 30 deste m\u00eas, ser\u00e1 prorrogada at\u00e9<\/p>\n","protected":false},"author":4,"featured_media":81568,"comment_status":"closed","ping_status":"closed","sticky":false,"template":"","format":"standard","meta":[],"categories":[305,149],"tags":[],"_links":{"self":[{"href":"https:\/\/diariodamanhapelotas.com.br\/site\/wp-json\/wp\/v2\/posts\/124611"}],"collection":[{"href":"https:\/\/diariodamanhapelotas.com.br\/site\/wp-json\/wp\/v2\/posts"}],"about":[{"href":"https:\/\/diariodamanhapelotas.com.br\/site\/wp-json\/wp\/v2\/types\/post"}],"author":[{"embeddable":true,"href":"https:\/\/diariodamanhapelotas.com.br\/site\/wp-json\/wp\/v2\/users\/4"}],"replies":[{"embeddable":true,"href":"https:\/\/diariodamanhapelotas.com.br\/site\/wp-json\/wp\/v2\/comments?post=124611"}],"version-history":[{"count":1,"href":"https:\/\/diariodamanhapelotas.com.br\/site\/wp-json\/wp\/v2\/posts\/124611\/revisions"}],"predecessor-version":[{"id":124612,"href":"https:\/\/diariodamanhapelotas.com.br\/site\/wp-json\/wp\/v2\/posts\/124611\/revisions\/124612"}],"wp:featuredmedia":[{"embeddable":true,"href":"https:\/\/diariodamanhapelotas.com.br\/site\/wp-json\/wp\/v2\/media\/81568"}],"wp:attachment":[{"href":"https:\/\/diariodamanhapelotas.com.br\/site\/wp-json\/wp\/v2\/media?parent=124611"}],"wp:term":[{"taxonomy":"category","embeddable":true,"href":"https:\/\/diariodamanhapelotas.com.br\/site\/wp-json\/wp\/v2\/categories?post=124611"},{"taxonomy":"post_tag","embeddable":true,"href":"https:\/\/diariodamanhapelotas.com.br\/site\/wp-json\/wp\/v2\/tags?post=124611"}],"curies":[{"name":"wp","href":"https:\/\/api.w.org\/{rel}","templated":true}]}}