{"id":124613,"date":"2022-12-28T08:47:11","date_gmt":"2022-12-28T11:47:11","guid":{"rendered":"https:\/\/diariodamanhapelotas.com.br\/site\/?p=124613"},"modified":"2022-12-28T08:47:11","modified_gmt":"2022-12-28T11:47:11","slug":"vereador-reinaldo-destina-parte-do-valor-das-emendas-impositivas-para-o-banco-de-materiais-ortopedicos","status":"publish","type":"post","link":"https:\/\/diariodamanhapelotas.com.br\/site\/vereador-reinaldo-destina-parte-do-valor-das-emendas-impositivas-para-o-banco-de-materiais-ortopedicos\/","title":{"rendered":"Vereador Reinaldo destina parte do valor das emendas impositivas para o banco de materiais ortop\u00e9dicos"},"content":{"rendered":"<p>O vereador Reinaldo Elias (Belezinha \u2013 PSD) destinou parte do valor de suas emendas impositivas para a compra de equipamentos para o Banco de Materiais Ortop\u00e9dicos, que atualmente funciona junto \u00e0 Secretaria de Assist\u00eancia Social (SAS). Cerca de R$ 30 mil ser\u00e3o disponibilizados para a compra de andadores, cadeiras de rodas, cadeiras de banho, camas hospitalares, muletas, bengalas e tipoias.<\/p>\n<p align=\"left\">O Banco de Municipal de Materiais Ortop\u00e9dicos foi criado pela lei 6.845 em 26 de agosto de 2020, de autoria do vereador Reinaldo Elias, sendo que o recurso \u00e9 de extrema import\u00e2ncia para retirar do papel o referido projeto.<\/p>\n<p>A Secretaria Municipal de Assist\u00eancia Social \u2013 SAS \u00e9 a respons\u00e1vel pela execu\u00e7\u00e3o da lei e de acordo com o secret\u00e1rio, Tiago Bundchen, t\u00e3o logo seja disponibilizada a verba pela prefeitura ser\u00e1 realizado o processo para a compra dos equipamentos, deixando a disposi\u00e7\u00e3o da sociedade como forma de empr\u00e9stimo por tr\u00eas meses, podendo ser renovado por mais tempo de acordo com a necessidade do usu\u00e1rio.<\/p>\n<p align=\"left\">Ressalta-se que o banco de materiais ser\u00e1 disponibilizado para os usu\u00e1rios do Sistema \u00danico de Sa\u00fade e que estejam devidamente inscritos no cadastro da SAS.<\/p>\n","protected":false},"excerpt":{"rendered":"<p>O vereador Reinaldo Elias (Belezinha \u2013 PSD) destinou parte do valor de suas emendas impositivas para a compra de equipamentos para o Banco de Materiais Ortop\u00e9dicos, que atualmente funciona junto<\/p>\n","protected":false},"author":4,"featured_media":78517,"comment_status":"closed","ping_status":"closed","sticky":false,"template":"","format":"standard","meta":[],"categories":[28],"tags":[],"_links":{"self":[{"href":"https:\/\/diariodamanhapelotas.com.br\/site\/wp-json\/wp\/v2\/posts\/124613"}],"collection":[{"href":"https:\/\/diariodamanhapelotas.com.br\/site\/wp-json\/wp\/v2\/posts"}],"about":[{"href":"https:\/\/diariodamanhapelotas.com.br\/site\/wp-json\/wp\/v2\/types\/post"}],"author":[{"embeddable":true,"href":"https:\/\/diariodamanhapelotas.com.br\/site\/wp-json\/wp\/v2\/users\/4"}],"replies":[{"embeddable":true,"href":"https:\/\/diariodamanhapelotas.com.br\/site\/wp-json\/wp\/v2\/comments?post=124613"}],"version-history":[{"count":1,"href":"https:\/\/diariodamanhapelotas.com.br\/site\/wp-json\/wp\/v2\/posts\/124613\/revisions"}],"predecessor-version":[{"id":124614,"href":"https:\/\/diariodamanhapelotas.com.br\/site\/wp-json\/wp\/v2\/posts\/124613\/revisions\/124614"}],"wp:featuredmedia":[{"embeddable":true,"href":"https:\/\/diariodamanhapelotas.com.br\/site\/wp-json\/wp\/v2\/media\/78517"}],"wp:attachment":[{"href":"https:\/\/diariodamanhapelotas.com.br\/site\/wp-json\/wp\/v2\/media?parent=124613"}],"wp:term":[{"taxonomy":"category","embeddable":true,"href":"https:\/\/diariodamanhapelotas.com.br\/site\/wp-json\/wp\/v2\/categories?post=124613"},{"taxonomy":"post_tag","embeddable":true,"href":"https:\/\/diariodamanhapelotas.com.br\/site\/wp-json\/wp\/v2\/tags?post=124613"}],"curies":[{"name":"wp","href":"https:\/\/api.w.org\/{rel}","templated":true}]}}