{"id":124615,"date":"2022-12-28T08:48:27","date_gmt":"2022-12-28T11:48:27","guid":{"rendered":"https:\/\/diariodamanhapelotas.com.br\/site\/?p=124615"},"modified":"2022-12-28T08:48:27","modified_gmt":"2022-12-28T11:48:27","slug":"prefeitura-define-cronograma-do-dia-do-bota-fora-de-2023","status":"publish","type":"post","link":"https:\/\/diariodamanhapelotas.com.br\/site\/prefeitura-define-cronograma-do-dia-do-bota-fora-de-2023\/","title":{"rendered":"Prefeitura define cronograma do Dia do Bota-Fora de 2023"},"content":{"rendered":"<p style=\"text-align: center;\"><strong>Recolhimento de materiais para descarte, acumulados nas resid\u00eancias e p\u00e1tios, chegar\u00e1 a diversos pontos da cidade<\/strong><\/p>\n<p><span style=\"font-size: 12.0pt; line-height: 150%; font-family: 'Arial',sans-serif; color: black; mso-fareast-language: PT-BR;\" data-ogsc=\"black\">J\u00e1 est\u00e3o definidas as datas e locais das 12 edi\u00e7\u00f5es do Dia do Bota-fora de 2023. Diversas localidades da cidade ser\u00e3o beneficiadas com o recolhimento de materiais sem uso, acumulados em resid\u00eancias e p\u00e1tios. A atividade \u00e9 desenvolvida pela Secretaria de Servi\u00e7os Urbanos e Infraestrutura (Ssui), mensalmente, sem qualquer cobran\u00e7a aos moradores.<\/span><\/p>\n<p><span style=\"font-size: 12.0pt; line-height: 150%; font-family: 'Arial',sans-serif; color: black; mso-fareast-language: PT-BR;\" data-ogsc=\"black\">\u201cO Dia do Bota-fora foi criado pela Lei Municipal 6.193\/2019, com o objetivo de favorecer moradores que t\u00eam materiais acumulados em casa ou nos p\u00e1tios das resid\u00eancias e n\u00e3o disp\u00f5em de recursos para contratar transporte at\u00e9 os ecopontos da cidade. Uma vez por m\u00eas, em locais predeterminados e com data marcada, equipes da Secretaria recolhem esses excedentes, evitando que sejam descartados em vias ou em terrenos p\u00fablicos. \u00c9 uma iniciativa de preserva\u00e7\u00e3o do meio ambiente, que ainda colabora com a apar\u00eancia das ruas\u201d, esclarece o secret\u00e1rio de Servi\u00e7os urbanos e Infraestrutura, F\u00e1bio Suanes.<\/span><\/p>\n<p><span style=\"font-size: 12.0pt; line-height: 150%; font-family: 'Arial',sans-serif; color: black; mso-fareast-language: PT-BR;\" data-ogsc=\"black\">Vidros, metais, restos de podas, entulhos, m\u00f3veis danificados e desmontados, madeira, estofados, eletrodom\u00e9sticos e outros, n\u00e3o org\u00e2nicos, podem ser descartados no Dia do Bota-fora. \u00c0s v\u00e9speras da data marcada, a localidade come\u00e7a a ser avisada, para os moradores prepararem o material para descarte. Os volumes devem ser acomodados na beira das cal\u00e7adas, defronte as resid\u00eancias, sem comprometer o deslocamento de ve\u00edculos e de pedestres.<\/span><\/p>\n<p><strong><span style=\"font-size: 12.0pt; line-height: 150%; font-family: 'Arial',sans-serif; color: black; mso-fareast-language: PT-BR;\" data-ogsc=\"black\">Confira o cronograma<\/span><\/strong><\/p>\n<ul>\n<li><strong><span style=\"font-style: inherit;\" data-ogsc=\"black\">&#8211; Dia 16 de janeiro:\u00a0\u00a0Dunas<\/span><\/strong><\/li>\n<li><strong><span style=\"font-style: inherit;\" data-ogsc=\"black\">&#8211; Dia 13 de fevereiro: Loteamentos Ceval, Os\u00f3rio, Anchieta e Bar\u00e3o de Mau\u00e1<\/span><\/strong><\/li>\n<li><strong><span style=\"font-style: inherit;\" data-ogsc=\"black\">&#8211; Dia 13 de mar\u00e7o: Vila Princesa<\/span><\/strong><\/li>\n<li><strong><span style=\"font-style: inherit;\" data-ogsc=\"black\">&#8211; Dia 10 de abril: Guabiroba<\/span><\/strong><\/li>\n<li><strong><span style=\"font-style: inherit;\" data-ogsc=\"black\">&#8211; Dia 15 de maio: Recanto de Portugal<\/span><\/strong><\/li>\n<li><strong><span style=\"font-style: inherit;\" data-ogsc=\"black\">&#8211; Dia 12 de junho: Arco-\u00edris<\/span><\/strong><\/li>\n<li><strong><span style=\"font-style: inherit;\" data-ogsc=\"black\">&#8211; Dia 10 de julho: Cruzeiro<\/span><\/strong><\/li>\n<li><strong><span style=\"font-style: inherit;\" data-ogsc=\"black\">&#8211; Dia 14 de agosto: Loteamentos Jardim de Alah e Germani<\/span><\/strong><\/li>\n<li><strong><span style=\"font-style: inherit;\" data-ogsc=\"black\">&#8211; Dia 11 de setembro: Vasco Pires<\/span><\/strong><\/li>\n<li><strong><span style=\"font-style: inherit;\" data-ogsc=\"black\">&#8211; Dia 9 de outubro: Loteamento Eucaliptos<\/span><\/strong><\/li>\n<li><strong><span style=\"font-style: inherit;\" data-ogsc=\"black\">&#8211; Dia 6 de novembro: Residencial Paineiras<\/span><\/strong><\/li>\n<li><strong><span style=\"font-style: inherit;\" data-ogsc=\"black\">&#8211; Dia 11 de dezembro: Get\u00falio Vargas<\/span><\/strong><\/li>\n<\/ul>\n","protected":false},"excerpt":{"rendered":"<p>Recolhimento de materiais para descarte, acumulados nas resid\u00eancias e p\u00e1tios, chegar\u00e1 a diversos pontos da cidade J\u00e1 est\u00e3o definidas as datas e locais das 12 edi\u00e7\u00f5es do Dia do Bota-fora<\/p>\n","protected":false},"author":4,"featured_media":96577,"comment_status":"closed","ping_status":"closed","sticky":false,"template":"","format":"standard","meta":[],"categories":[305,149],"tags":[],"_links":{"self":[{"href":"https:\/\/diariodamanhapelotas.com.br\/site\/wp-json\/wp\/v2\/posts\/124615"}],"collection":[{"href":"https:\/\/diariodamanhapelotas.com.br\/site\/wp-json\/wp\/v2\/posts"}],"about":[{"href":"https:\/\/diariodamanhapelotas.com.br\/site\/wp-json\/wp\/v2\/types\/post"}],"author":[{"embeddable":true,"href":"https:\/\/diariodamanhapelotas.com.br\/site\/wp-json\/wp\/v2\/users\/4"}],"replies":[{"embeddable":true,"href":"https:\/\/diariodamanhapelotas.com.br\/site\/wp-json\/wp\/v2\/comments?post=124615"}],"version-history":[{"count":1,"href":"https:\/\/diariodamanhapelotas.com.br\/site\/wp-json\/wp\/v2\/posts\/124615\/revisions"}],"predecessor-version":[{"id":124616,"href":"https:\/\/diariodamanhapelotas.com.br\/site\/wp-json\/wp\/v2\/posts\/124615\/revisions\/124616"}],"wp:featuredmedia":[{"embeddable":true,"href":"https:\/\/diariodamanhapelotas.com.br\/site\/wp-json\/wp\/v2\/media\/96577"}],"wp:attachment":[{"href":"https:\/\/diariodamanhapelotas.com.br\/site\/wp-json\/wp\/v2\/media?parent=124615"}],"wp:term":[{"taxonomy":"category","embeddable":true,"href":"https:\/\/diariodamanhapelotas.com.br\/site\/wp-json\/wp\/v2\/categories?post=124615"},{"taxonomy":"post_tag","embeddable":true,"href":"https:\/\/diariodamanhapelotas.com.br\/site\/wp-json\/wp\/v2\/tags?post=124615"}],"curies":[{"name":"wp","href":"https:\/\/api.w.org\/{rel}","templated":true}]}}