{"id":124623,"date":"2022-12-28T15:56:26","date_gmt":"2022-12-28T18:56:26","guid":{"rendered":"https:\/\/diariodamanhapelotas.com.br\/site\/?p=124623"},"modified":"2022-12-28T15:56:26","modified_gmt":"2022-12-28T18:56:26","slug":"centro-de-artes-e-faculdade-de-arquitetura-e-urbanismo-da-ufpel-terao-geracao-fotovoltaica-de-energia","status":"publish","type":"post","link":"https:\/\/diariodamanhapelotas.com.br\/site\/centro-de-artes-e-faculdade-de-arquitetura-e-urbanismo-da-ufpel-terao-geracao-fotovoltaica-de-energia\/","title":{"rendered":"Centro de Artes e Faculdade de Arquitetura e Urbanismo da UFPel ter\u00e3o gera\u00e7\u00e3o fotovoltaica de energia"},"content":{"rendered":"<p>A Universidade Federal de Pelotas e a empresa Equatorial Energia assinaram termo de coopera\u00e7\u00e3o t\u00e9cnica para a instala\u00e7\u00e3o de gera\u00e7\u00e3o fotovoltaica de energia e a implanta\u00e7\u00e3o de medidas de efici\u00eancia energ\u00e9tica nos pr\u00e9dios do Centro de Artes e da Faculdade de Arquitetura e Urbanismo.<\/p>\n<p>A iniciativa faz parte do Programa de Efici\u00eancia Energ\u00e9tica, para o qual a UFPel havia sido contemplada em 2019 com o valor de R$ 225 mil, quando a concession\u00e1ria de energia el\u00e9trica ainda era a Companhia Estadual Distribui\u00e7\u00e3o de Energia El\u00e9trica (CEEE-D). Devido \u00e0 pandemia e \u00e0 privatiza\u00e7\u00e3o da organiza\u00e7\u00e3o, adquirida pela Equatorial, a execu\u00e7\u00e3o da instala\u00e7\u00e3o acabou n\u00e3o ocorrendo em 2020, como previsto.<\/p>\n<p>O projeto a ser executado na UFPel passar\u00e1, nas pr\u00f3ximas semanas, por aprova\u00e7\u00e3o da concession\u00e1ria; depois disso, tramitar\u00e1 internamente na Universidade, junto \u00e0 Pr\u00f3-Reitoria de Planejamento e Desenvolvimento, que fiscalizar\u00e1 a interven\u00e7\u00e3o. A previs\u00e3o \u00e9 que a execu\u00e7\u00e3o seja conclu\u00edda dentro de dois meses.<\/p>\n<p>Estava prevista no projeto a substitui\u00e7\u00e3o de todo o sistema de ilumina\u00e7\u00e3o das unidades por l\u00e2mpadas de LED; o procedimento j\u00e1 foi realizado em novembro.<\/p>\n<p>Al\u00e9m disso, ser\u00e1 instalado o sistema de gera\u00e7\u00e3o fotovoltaica, com capacidade de 58 kWp, suficiente para atender 70% do consumo das edifica\u00e7\u00f5es. O projeto da unidade geradora foi atualizado, de forma que parte dos m\u00f3dulos servir\u00e1 para alimentar um banco de baterias, para que a energia possa ser compensada no hor\u00e1rio de pico, que ocorre das 18h \u00e0s 21h, per\u00edodo em que a tarifa \u00e9 mais elevada.<\/p>\n<p>Com ambas as medidas, \u00e9 esperada uma economia anual de R$ 70 mil. A UFPel j\u00e1 tem instalados, no Campus Anglo, Ag\u00eancia da Lagoa Mirim e Centro de P\u00f3s- Gradua\u00e7\u00e3o e Pesquisas em Ci\u00eancias Humanas, Sociais, Sociais Aplicadas, Artes e Linguagem (CEHUS) sistemas de gera\u00e7\u00e3o fotovoltaica de energia que totalizam 200 kWp. Desde a sua instala\u00e7\u00e3o, em 2022, j\u00e1 foram gerados nesses locais cerca de 150 mil kWh, o que j\u00e1 reduziu o gasto de energia el\u00e9trica da Universidade em mais de R$ 100 mil.<\/p>\n<p>&nbsp;<\/p>\n","protected":false},"excerpt":{"rendered":"<p>A Universidade Federal de Pelotas e a empresa Equatorial Energia assinaram termo de coopera\u00e7\u00e3o t\u00e9cnica para a instala\u00e7\u00e3o de gera\u00e7\u00e3o fotovoltaica de energia e a implanta\u00e7\u00e3o de medidas de efici\u00eancia<\/p>\n","protected":false},"author":4,"featured_media":124624,"comment_status":"closed","ping_status":"closed","sticky":false,"template":"","format":"standard","meta":[],"categories":[305,30],"tags":[],"_links":{"self":[{"href":"https:\/\/diariodamanhapelotas.com.br\/site\/wp-json\/wp\/v2\/posts\/124623"}],"collection":[{"href":"https:\/\/diariodamanhapelotas.com.br\/site\/wp-json\/wp\/v2\/posts"}],"about":[{"href":"https:\/\/diariodamanhapelotas.com.br\/site\/wp-json\/wp\/v2\/types\/post"}],"author":[{"embeddable":true,"href":"https:\/\/diariodamanhapelotas.com.br\/site\/wp-json\/wp\/v2\/users\/4"}],"replies":[{"embeddable":true,"href":"https:\/\/diariodamanhapelotas.com.br\/site\/wp-json\/wp\/v2\/comments?post=124623"}],"version-history":[{"count":1,"href":"https:\/\/diariodamanhapelotas.com.br\/site\/wp-json\/wp\/v2\/posts\/124623\/revisions"}],"predecessor-version":[{"id":124625,"href":"https:\/\/diariodamanhapelotas.com.br\/site\/wp-json\/wp\/v2\/posts\/124623\/revisions\/124625"}],"wp:featuredmedia":[{"embeddable":true,"href":"https:\/\/diariodamanhapelotas.com.br\/site\/wp-json\/wp\/v2\/media\/124624"}],"wp:attachment":[{"href":"https:\/\/diariodamanhapelotas.com.br\/site\/wp-json\/wp\/v2\/media?parent=124623"}],"wp:term":[{"taxonomy":"category","embeddable":true,"href":"https:\/\/diariodamanhapelotas.com.br\/site\/wp-json\/wp\/v2\/categories?post=124623"},{"taxonomy":"post_tag","embeddable":true,"href":"https:\/\/diariodamanhapelotas.com.br\/site\/wp-json\/wp\/v2\/tags?post=124623"}],"curies":[{"name":"wp","href":"https:\/\/api.w.org\/{rel}","templated":true}]}}