{"id":124629,"date":"2022-12-28T16:05:05","date_gmt":"2022-12-28T19:05:05","guid":{"rendered":"https:\/\/diariodamanhapelotas.com.br\/site\/?p=124629"},"modified":"2022-12-28T16:05:05","modified_gmt":"2022-12-28T19:05:05","slug":"vereador-divulga-alocacao-de-recursos-atraves-de-emendas-impositivas","status":"publish","type":"post","link":"https:\/\/diariodamanhapelotas.com.br\/site\/vereador-divulga-alocacao-de-recursos-atraves-de-emendas-impositivas\/","title":{"rendered":"Vereador divulga aloca\u00e7\u00e3o de recursos atrav\u00e9s de emendas impositivas"},"content":{"rendered":"<p style=\"text-align: center;\"><strong>O total da emenda impositiva de 2023 que cada vereador pode definir a aplica\u00e7\u00e3o foi de R$ 343.429,62.<\/strong><\/p>\n<p>O parlamentar do PSD destinou deste total, 67,4% para a \u00e1rea da sa\u00fade, 18,6% para educa\u00e7\u00e3o e desporto, 4,9% para assist\u00eancia social, 4,7% para cultura e 2% para meio ambiente.<\/p>\n<p>Na sa\u00fade ser\u00e3o beneficiados, o Hospital S\u00e3o Francisco de Paula, com R$ 100.375,00, para a aquisi\u00e7\u00e3o de 01 crani\u00f3tomo mais perfurador \u00f3sseo, e tr\u00eas caixas de instrumental cir\u00fargico, uma cesariana, outra neurocirurgia e a terceira vascular.<\/p>\n<p>O valor de R$ 52.000,00 servir\u00e1 para que a Secretaria Municipal de Sa\u00fade (SMS) providencie a adapta\u00e7\u00e3o do carro adquirido com a emenda impositiva de 2022 do pr\u00f3prio vereador Carlos Junior (PSD), e torne apto o ve\u00edculo para o uso das pessoas com defici\u00eancia.<\/p>\n<p>A UPA do Areal receber\u00e1 R$ 50.000,00, o que permitir\u00e1 a aquisi\u00e7\u00e3o de 08 computadores,04 aparelhos de ar condicionado, e um eletrocardiograma. A Santa Casa de Miseric\u00f3rdia de Pelotas receber\u00e1 tr\u00eas aspiradores de secre\u00e7\u00e3o, em um valor estimado de R$ 15.000,00. Na UBS do Obelisco a destina\u00e7\u00e3o do valor de R$ 13.771,68 permitir\u00e1 a compra de 01 aparelho de ar condicionado com grade externa, 02 computadores,03 focos cl\u00ednicos para ginecologia, 01 balan\u00e7a pedi\u00e1trica de at\u00e9 25kg, 07 ventiladores de parede, 03 aquecedores el\u00e9tricos, 01 maca ginecol\u00f3gica, e 01 TV Smart 43&#8242; para instala\u00e7\u00e3o na sala de espera dos pacientes junto com 01 suporte articulado.<\/p>\n<div id=\"attachment_124630\" style=\"width: 310px\" class=\"wp-caption alignleft\"><img aria-describedby=\"caption-attachment-124630\" loading=\"lazy\" class=\"size-medium wp-image-124630\" src=\"https:\/\/diariodamanhapelotas.com.br\/site\/wp-content\/uploads\/2022\/12\/carlos-junior-02-300x199.jpeg\" alt=\"\" width=\"300\" height=\"199\" srcset=\"https:\/\/diariodamanhapelotas.com.br\/site\/wp-content\/uploads\/2022\/12\/carlos-junior-02-300x199.jpeg 300w, https:\/\/diariodamanhapelotas.com.br\/site\/wp-content\/uploads\/2022\/12\/carlos-junior-02-150x99.jpeg 150w, https:\/\/diariodamanhapelotas.com.br\/site\/wp-content\/uploads\/2022\/12\/carlos-junior-02-768x509.jpeg 768w, https:\/\/diariodamanhapelotas.com.br\/site\/wp-content\/uploads\/2022\/12\/carlos-junior-02.jpeg 800w\" sizes=\"(max-width: 300px) 100vw, 300px\" \/><p id=\"caption-attachment-124630\" class=\"wp-caption-text\">Vereador Carlos Junior aprovou 15 emendas em benef\u00edcio da sa\u00fade, educa\u00e7\u00e3o, esporte, assist\u00eancia social, cultura e meio ambiente.<\/p><\/div>\n<p>Para a educa\u00e7\u00e3o e desporto est\u00e3o garantidos 63.610,94, deste total R$ 50.000,00 permitir\u00e1 que todas as 94 escolas da rede municipal recebam um 01 kit esportivo, composto por uma bola de futsal, uma de v\u00f4lei, uma de basquete, uma de handebol, e uma rede de v\u00f4lei. J\u00e1 o Projeto Social Ra\u00e7a Amigos do Bairro (Santos Dumont) receber\u00e1 diversos equipamentos necess\u00e1rios para a execu\u00e7\u00e3o das atividades sociais e de car\u00e1ter inclusivo que atendem mensalmente em m\u00e9dia 50 crian\u00e7as e adolescentes nas modalidades de boxe ol\u00edmpico e taekwondo, com um or\u00e7amento previsto de R$ 9.656,00. Para a Sociedade Assistencial e Esp\u00edrita Dona Concei\u00e7\u00e3o ser\u00e3o investidos R$ 3.954,94 para a instala\u00e7\u00e3o de tela de prote\u00e7\u00e3o no local onde ocorre a pr\u00e1tica esportiva da entidade, e de um kit esportivo completo.<\/p>\n<p>Na assist\u00eancia social o recurso definido \u00e9 R$ 25.321,00, sendo o montante de R$ 10.835,00 para a compra de aparelhos de gin\u00e1stica do modelo \u201car livre\u201d, que ser\u00e3o instalados na sede da Associa\u00e7\u00e3o de Pais e Amigos de Jovens e Adultos com Defici\u00eancia (APAJAD), com o objetivo de assegurar atividade f\u00edsica, conviv\u00eancia, promo\u00e7\u00e3o de sa\u00fade, e desenvolvimento motor. Para a Casa do Carinho foi assegurado o valor de R$ 6.000,00 para a aquisi\u00e7\u00e3o de 01 computador completo e 01 impressora.<\/p>\n<p>E ainda R$ 8.846,00 para que a Casa Luciety, casa de acolhida para mulheres v\u00edtimas de viol\u00eancia e em risco de vida de Pelotas, seja beneficiada com uma m\u00e1quina Lava Roupas 16 kg e 08 camas do modelo beliche<br aria-hidden=\"true\" \/>No segmento cultural, a Associa\u00e7\u00e3o dos Amigos do Fragata(Escola de Samba Unidos do Fragata) ser\u00e1 contemplada com R$ 10.000,00, o que permitir\u00e1 a qualifica\u00e7\u00e3o do piso na \u00e1rea externa do sal\u00e3o de eventos, para que melhore a acessibilidade principalmente para as pessoas com dificuldades de locomo\u00e7\u00e3o participantes de v\u00e1rios projetos sociais e culturais da entidade, assim como a constru\u00e7\u00e3o de um novo pavilh\u00e3o para ampliar atividades e abrigar carros aleg\u00f3ricos.<\/p>\n<p>O vereador tamb\u00e9m destinou R$ 4.000,00 para que a Secretaria Municipal da Cultura (Secult) disponibilize log\u00edstica de desfile do Bloco do Mapa durante o per\u00edodo de carnaval em Pelotas, o que acontece no centro da cidade, com participa\u00e7\u00e3o livre e espont\u00e2nea de foli\u00f5es. Para a realiza\u00e7\u00e3o do Dia do Orix\u00e1 Bar\u00e1 o parlamentar garantiu o valor R$ 2.000,00, como custeio da estrutura necess\u00e1ria para realiza\u00e7\u00e3o do evento religioso em 2023.<\/p>\n<p>A \u00faltima proposta contempla \u00e0 Granja Municipal\/Parque da Barragem, com a compra de 01 ro\u00e7adeira, 01 motopoda, e 01 triturador org\u00e2nico, fundamentais para a manuten\u00e7\u00e3o do local.<\/p>\n<p>O vereador Carlos Junior (PSD) disse estar satisfeito em poder atender demandas importantes para a comunidade \u201cpriorizei sa\u00fade, educa\u00e7\u00e3o e desporto, mas procurei atender projetos e iniciativas que muitas vezes s\u00e3o invis\u00edveis para a maior parte da comunidade, mas fundamental para quem participa\u201d afirmou o parlamentar.<\/p>\n","protected":false},"excerpt":{"rendered":"<p>O total da emenda impositiva de 2023 que cada vereador pode definir a aplica\u00e7\u00e3o foi de R$ 343.429,62. O parlamentar do PSD destinou deste total, 67,4% para a \u00e1rea da<\/p>\n","protected":false},"author":4,"featured_media":124630,"comment_status":"closed","ping_status":"closed","sticky":false,"template":"","format":"standard","meta":[],"categories":[28],"tags":[],"_links":{"self":[{"href":"https:\/\/diariodamanhapelotas.com.br\/site\/wp-json\/wp\/v2\/posts\/124629"}],"collection":[{"href":"https:\/\/diariodamanhapelotas.com.br\/site\/wp-json\/wp\/v2\/posts"}],"about":[{"href":"https:\/\/diariodamanhapelotas.com.br\/site\/wp-json\/wp\/v2\/types\/post"}],"author":[{"embeddable":true,"href":"https:\/\/diariodamanhapelotas.com.br\/site\/wp-json\/wp\/v2\/users\/4"}],"replies":[{"embeddable":true,"href":"https:\/\/diariodamanhapelotas.com.br\/site\/wp-json\/wp\/v2\/comments?post=124629"}],"version-history":[{"count":1,"href":"https:\/\/diariodamanhapelotas.com.br\/site\/wp-json\/wp\/v2\/posts\/124629\/revisions"}],"predecessor-version":[{"id":124631,"href":"https:\/\/diariodamanhapelotas.com.br\/site\/wp-json\/wp\/v2\/posts\/124629\/revisions\/124631"}],"wp:featuredmedia":[{"embeddable":true,"href":"https:\/\/diariodamanhapelotas.com.br\/site\/wp-json\/wp\/v2\/media\/124630"}],"wp:attachment":[{"href":"https:\/\/diariodamanhapelotas.com.br\/site\/wp-json\/wp\/v2\/media?parent=124629"}],"wp:term":[{"taxonomy":"category","embeddable":true,"href":"https:\/\/diariodamanhapelotas.com.br\/site\/wp-json\/wp\/v2\/categories?post=124629"},{"taxonomy":"post_tag","embeddable":true,"href":"https:\/\/diariodamanhapelotas.com.br\/site\/wp-json\/wp\/v2\/tags?post=124629"}],"curies":[{"name":"wp","href":"https:\/\/api.w.org\/{rel}","templated":true}]}}