{"id":124632,"date":"2022-12-28T16:12:59","date_gmt":"2022-12-28T19:12:59","guid":{"rendered":"https:\/\/diariodamanhapelotas.com.br\/site\/?p=124632"},"modified":"2022-12-28T16:12:59","modified_gmt":"2022-12-28T19:12:59","slug":"laranjal-conta-com-mais-horarios-de-onibus-sabados-e-domingos","status":"publish","type":"post","link":"https:\/\/diariodamanhapelotas.com.br\/site\/laranjal-conta-com-mais-horarios-de-onibus-sabados-e-domingos\/","title":{"rendered":"Laranjal conta com mais hor\u00e1rios de \u00f4nibus s\u00e1bados e domingos"},"content":{"rendered":"<p style=\"text-align: center;\"><strong>Prefeitura tem acrescido partidas e retornos, gradativamente, do transporte coletivo para os balne\u00e1rios Santo Ant\u00f4nio e dos Prazeres, al\u00e9m da Col\u00f4nia Z3<\/strong><\/p>\n<p><span style=\"font-size: 12.0pt; line-height: 150%; font-family: 'Arial',sans-serif; color: black; mso-fareast-language: PT-BR;\" data-ogsc=\"black\">Nos \u00faltimos meses, a Prefeitura, por meio da Secretaria de Transporte e Tr\u00e2nsito (STT), vem acrescentando novos hor\u00e1rios nas tabelas do transporte coletivo para as praias do Laranjal e Col\u00f4nia de Pescadores Z3 aos fins de semana. Neste m\u00eas, os aumentos foram implementados com vistas a suprir a demanda nos s\u00e1bados e domingos durante a temporada de veraneio.<\/span><\/p>\n<p><span style=\"font-size: 12.0pt; line-height: 150%; font-family: 'Arial',sans-serif; color: black; mso-fareast-language: PT-BR;\" data-ogsc=\"black\">\u201cDesde o in\u00edcio de outubro, seguindo a pol\u00edtica de ajustes dos servi\u00e7os de transporte coletivo de acordo com a procura pelos usu\u00e1rios, fomos implementando aumentos gradativos de hor\u00e1rios para o Laranjal e Z3, com acr\u00e9scimos de partidas e retornos. Na primeira semana de dezembro, em raz\u00e3o da temporada, inclu\u00edmos novos hor\u00e1rios. Em janeiro e fevereiro, vamos observar a demanda de passageiros e, se necess\u00e1rio, faremos novas adapta\u00e7\u00f5es das grades dos fins de semana\u201d, explica o secret\u00e1rio de Transporte e Tr\u00e2nsito, Fl\u00e1vio Al-Alam.<\/span><\/p>\n<p><span style=\"font-size: 12.0pt; line-height: 150%; font-family: 'Arial',sans-serif; color: black; mso-fareast-language: PT-BR;\" data-ogsc=\"black\">Interessados em ir aos balne\u00e1rios do Laranjal ou Col\u00f4nia Z3 podem buscar informa\u00e7\u00f5es atualizadas das grades de hor\u00e1rios no site\u00a0<a href=\"http:\/\/www.pratipelotas.com.br\" data-auth=\"NotApplicable\" data-ogsc=\"\" data-linkindex=\"0\"><span>www.pratipelotas.com.br<\/span><\/a><\/span><\/p>\n","protected":false},"excerpt":{"rendered":"<p>Prefeitura tem acrescido partidas e retornos, gradativamente, do transporte coletivo para os balne\u00e1rios Santo Ant\u00f4nio e dos Prazeres, al\u00e9m da Col\u00f4nia Z3 Nos \u00faltimos meses, a Prefeitura, por meio da<\/p>\n","protected":false},"author":4,"featured_media":92991,"comment_status":"closed","ping_status":"closed","sticky":false,"template":"","format":"standard","meta":[],"categories":[305,149],"tags":[],"_links":{"self":[{"href":"https:\/\/diariodamanhapelotas.com.br\/site\/wp-json\/wp\/v2\/posts\/124632"}],"collection":[{"href":"https:\/\/diariodamanhapelotas.com.br\/site\/wp-json\/wp\/v2\/posts"}],"about":[{"href":"https:\/\/diariodamanhapelotas.com.br\/site\/wp-json\/wp\/v2\/types\/post"}],"author":[{"embeddable":true,"href":"https:\/\/diariodamanhapelotas.com.br\/site\/wp-json\/wp\/v2\/users\/4"}],"replies":[{"embeddable":true,"href":"https:\/\/diariodamanhapelotas.com.br\/site\/wp-json\/wp\/v2\/comments?post=124632"}],"version-history":[{"count":1,"href":"https:\/\/diariodamanhapelotas.com.br\/site\/wp-json\/wp\/v2\/posts\/124632\/revisions"}],"predecessor-version":[{"id":124633,"href":"https:\/\/diariodamanhapelotas.com.br\/site\/wp-json\/wp\/v2\/posts\/124632\/revisions\/124633"}],"wp:featuredmedia":[{"embeddable":true,"href":"https:\/\/diariodamanhapelotas.com.br\/site\/wp-json\/wp\/v2\/media\/92991"}],"wp:attachment":[{"href":"https:\/\/diariodamanhapelotas.com.br\/site\/wp-json\/wp\/v2\/media?parent=124632"}],"wp:term":[{"taxonomy":"category","embeddable":true,"href":"https:\/\/diariodamanhapelotas.com.br\/site\/wp-json\/wp\/v2\/categories?post=124632"},{"taxonomy":"post_tag","embeddable":true,"href":"https:\/\/diariodamanhapelotas.com.br\/site\/wp-json\/wp\/v2\/tags?post=124632"}],"curies":[{"name":"wp","href":"https:\/\/api.w.org\/{rel}","templated":true}]}}