{"id":124634,"date":"2022-12-28T16:42:42","date_gmt":"2022-12-28T19:42:42","guid":{"rendered":"https:\/\/diariodamanhapelotas.com.br\/site\/?p=124634"},"modified":"2022-12-28T16:42:42","modified_gmt":"2022-12-28T19:42:42","slug":"ebserh-seleciona-anestesiologistas-para-o-hospital-escola","status":"publish","type":"post","link":"https:\/\/diariodamanhapelotas.com.br\/site\/ebserh-seleciona-anestesiologistas-para-o-hospital-escola\/","title":{"rendered":"Ebserh seleciona anestesiologistas para o Hospital Escola"},"content":{"rendered":"<p>M\u00e9dicas e m\u00e9dicos anestesiologistas podem se inscrever at\u00e9 1\u00ba de janeiro de 2023 no processo seletivo simplificado da Empresa Brasileira de Servi\u00e7os Hospitalares (<a href=\"https:\/\/www.gov.br\/ebserh\/pt-br\/hospitais-universitarios\/regiao-sul\/he-ufpel\" target=\"_blank\" rel=\"noopener noreferrer\" data-auth=\"NotApplicable\" data-ogsc=\"\" data-linkindex=\"1\">Ebserh<\/a>), respons\u00e1vel pela gest\u00e3o do\u00a0<b>Hospital Escola<\/b>\u00a0(HE) da\u00a0<b>Universidade Federal de Pelotas<\/b>\u00a0(UFPel). O Edital atende \u00e0 necessidade tempor\u00e1ria de excepcional interesse p\u00fablico, por tempo determinado de at\u00e9 dois anos, para a garantia da manuten\u00e7\u00e3o dos servi\u00e7os assistenciais do HE\/UFPel.<\/p>\n<p>A Ebserh, nesse processo, seleciona profissionais para cinco vagas de m\u00e9dicas e m\u00e9dicos anestesiologistas. As inscri\u00e7\u00f5es s\u00e3o recebidas pelo\u00a0<a href=\"https:\/\/www.gov.br\/ebserh\/pt-br\/acesso-a-informacao\/agentes-publicos\/concursos-e-selecoes\/selecoes\/processos-seletivos\/processo-seletivo-simplificado-pss\/2022\/pss-15-2022-regiao-nordeste-he-ufpel\" target=\"_blank\" rel=\"noopener noreferrer\" data-auth=\"NotApplicable\" data-ogsc=\"\" data-linkindex=\"2\"><i>site<\/i>\u00a0do HE\/UFPel<\/a>, espa\u00e7o em que est\u00e3o dispon\u00edveis as demais informa\u00e7\u00f5es sobre o Edital. Esse movimento \u00e9 realizado simultaneamente com a\u00a0<a href=\"https:\/\/ccs2.ufpel.edu.br\/wp\/2022\/12\/24\/hospital-escola-ebserh-lanca-convocacao-emergencial-de-anestesistas\/\" target=\"_blank\" rel=\"noopener noreferrer\" data-auth=\"NotApplicable\" data-ogsc=\"\" data-linkindex=\"3\">contrata\u00e7\u00e3o direta e emergencial<\/a>\u00a0de empresa para presta\u00e7\u00e3o de servi\u00e7os continuados em anestesiologia. Segundo a Ebserh, essas a\u00e7\u00f5es, em conjunto, visam sanar a redu\u00e7\u00e3o do n\u00famero de anestesiologistas no quadro do HE\/UFPel.<\/p>\n<p><a href=\"https:\/\/www.gov.br\/ebserh\/pt-br\/acesso-a-informacao\/agentes-publicos\/concursos-e-selecoes\/selecoes\/processos-seletivos\/processo-seletivo-simplificado-pss\/2022\/pss-15-2022-regiao-nordeste-he-ufpel\" target=\"_blank\" rel=\"noopener noreferrer\" data-auth=\"NotApplicable\" data-ogsc=\"\" data-linkindex=\"4\">Edital<\/a><\/p>\n","protected":false},"excerpt":{"rendered":"<p>M\u00e9dicas e m\u00e9dicos anestesiologistas podem se inscrever at\u00e9 1\u00ba de janeiro de 2023 no processo seletivo simplificado da Empresa Brasileira de Servi\u00e7os Hospitalares (Ebserh), respons\u00e1vel pela gest\u00e3o do\u00a0Hospital Escola\u00a0(HE) da\u00a0Universidade<\/p>\n","protected":false},"author":4,"featured_media":100452,"comment_status":"closed","ping_status":"closed","sticky":false,"template":"","format":"standard","meta":[],"categories":[150],"tags":[],"_links":{"self":[{"href":"https:\/\/diariodamanhapelotas.com.br\/site\/wp-json\/wp\/v2\/posts\/124634"}],"collection":[{"href":"https:\/\/diariodamanhapelotas.com.br\/site\/wp-json\/wp\/v2\/posts"}],"about":[{"href":"https:\/\/diariodamanhapelotas.com.br\/site\/wp-json\/wp\/v2\/types\/post"}],"author":[{"embeddable":true,"href":"https:\/\/diariodamanhapelotas.com.br\/site\/wp-json\/wp\/v2\/users\/4"}],"replies":[{"embeddable":true,"href":"https:\/\/diariodamanhapelotas.com.br\/site\/wp-json\/wp\/v2\/comments?post=124634"}],"version-history":[{"count":1,"href":"https:\/\/diariodamanhapelotas.com.br\/site\/wp-json\/wp\/v2\/posts\/124634\/revisions"}],"predecessor-version":[{"id":124635,"href":"https:\/\/diariodamanhapelotas.com.br\/site\/wp-json\/wp\/v2\/posts\/124634\/revisions\/124635"}],"wp:featuredmedia":[{"embeddable":true,"href":"https:\/\/diariodamanhapelotas.com.br\/site\/wp-json\/wp\/v2\/media\/100452"}],"wp:attachment":[{"href":"https:\/\/diariodamanhapelotas.com.br\/site\/wp-json\/wp\/v2\/media?parent=124634"}],"wp:term":[{"taxonomy":"category","embeddable":true,"href":"https:\/\/diariodamanhapelotas.com.br\/site\/wp-json\/wp\/v2\/categories?post=124634"},{"taxonomy":"post_tag","embeddable":true,"href":"https:\/\/diariodamanhapelotas.com.br\/site\/wp-json\/wp\/v2\/tags?post=124634"}],"curies":[{"name":"wp","href":"https:\/\/api.w.org\/{rel}","templated":true}]}}