{"id":124636,"date":"2022-12-29T09:34:12","date_gmt":"2022-12-29T12:34:12","guid":{"rendered":"https:\/\/diariodamanhapelotas.com.br\/site\/?p=124636"},"modified":"2022-12-29T09:34:12","modified_gmt":"2022-12-29T12:34:12","slug":"numero-de-acidentes-e-obitos-no-polo-rodoviario-pelotas-teve-queda-de-17-em-2022","status":"publish","type":"post","link":"https:\/\/diariodamanhapelotas.com.br\/site\/numero-de-acidentes-e-obitos-no-polo-rodoviario-pelotas-teve-queda-de-17-em-2022\/","title":{"rendered":"N\u00famero de acidentes e \u00f3bitos no Polo Rodovi\u00e1rio Pelotas teve queda de 17% em 2022"},"content":{"rendered":"<h3 style=\"text-align: center;\"><em>Os n\u00fameros de acidentes de tr\u00e2nsito e de \u00f3bitos nos 457,3 quil\u00f4metros de estradas do Polo Rodovi\u00e1rio Pelotas (BR-116 e BR-392), administrado pela Ecosul, tiveram queda de cerca de 17% em 2022, na compara\u00e7\u00e3o com o ano anterior<\/em><\/h3>\n<div id=\"attachment_124638\" style=\"width: 411px\" class=\"wp-caption alignright\"><a href=\"https:\/\/osirnet.com.br\/para-voce\" target=\"_blank\" rel=\"noopener noreferrer\"><img aria-describedby=\"caption-attachment-124638\" loading=\"lazy\" class=\" wp-image-124638\" src=\"https:\/\/diariodamanhapelotas.com.br\/site\/wp-content\/uploads\/2022\/12\/osirnet.jpg\" rel=\"lightbox\" title=\"N\u00famero de acidentes e \u00f3bitos no Polo Rodovi\u00e1rio Pelotas teve queda de 17% em 2022\" alt=\"\" width=\"401\" height=\"401\" srcset=\"https:\/\/diariodamanhapelotas.com.br\/site\/wp-content\/uploads\/2022\/12\/osirnet.jpg 600w, https:\/\/diariodamanhapelotas.com.br\/site\/wp-content\/uploads\/2022\/12\/osirnet-300x300.jpg 300w, https:\/\/diariodamanhapelotas.com.br\/site\/wp-content\/uploads\/2022\/12\/osirnet-150x150.jpg 150w\" sizes=\"(max-width: 401px) 100vw, 401px\" \/><\/a><p id=\"caption-attachment-124638\" class=\"wp-caption-text\">https:\/\/osirnet.com.br\/para-voce<\/p><\/div>\n<p>Os dados s\u00e3o referentes ao per\u00edodo entre janeiro e novembro de cada ano. Segundo os dados apurados pela concession\u00e1ria, o n\u00famero de acidentes caiu de 430 para 357 nos 11 primeiros meses do ano, uma queda equivalente a 16,98%. Enquanto isso, o n\u00famero de \u00f3bitos decorrentes dos acidentes caiu 17,65%. \u201cAl\u00e9m das permanentes a\u00e7\u00f5es de conscientiza\u00e7\u00e3o que procuramos fazer com condutores, pedestres e ciclistas, e da escola para o tr\u00e2nsito, na qual procuramos educar as crian\u00e7as e futuros condutores, trabalhamos para manter as melhores condi\u00e7\u00f5es das estradas administradas pela Ecosul. Reduzir o n\u00famero de acidentes \u00e9 algo que perseguimos sempre\u201d, avalia o diretor-superintendente da Concession\u00e1ria, Fabiano Martins de Medeiros. Ele lembra que ao longo de 2022 a Ecosul promoveu 27 campanhas de seguran\u00e7a vi\u00e1ria, com diversas atividades educativas e preventivas, entre elas o Maio Amarelo, Viver \u00e9 o Bicho, Dire\u00e7\u00e3o Consciente, entre outros, al\u00e9m de um grande simulado de acidente, realizado em novembro.<\/p>\n<h4 style=\"text-align: center;\"><strong><span style=\"font-style: inherit; font-weight: inherit;\">Incrementos<\/span><\/strong><\/h4>\n<p><span style=\"font-style: inherit; font-weight: inherit;\">Em 2022, em termos de melhorias nos servi\u00e7os, al\u00e9m dos habituais atendimentos mec\u00e2nicos e de resgates m\u00e9dicos, a Ecosul providenciou a implanta\u00e7\u00e3o de pistas autom\u00e1ticas na pra\u00e7a Pav\u00e3o, que hoje compreende 25% do tr\u00e1fego, e implantou totens de autoatendimento nos Servi\u00e7os de Atendimento ao Usu\u00e1rio (SAUs) com funcionamento 24 horas por dia.<\/span><\/p>\n<h4 style=\"text-align: center;\"><strong><span style=\"font-style: inherit; font-weight: inherit;\">Engenharia<\/span><\/strong><\/h4>\n<p><span style=\"font-style: inherit; font-weight: inherit;\">Os dados contabilizados pela Ecosul tamb\u00e9m apontaram os diversos servi\u00e7os de engenharia promovidos neste ano, entre elas a recupera\u00e7\u00e3o de 54,5 mil metros de sarjetas, a manuten\u00e7\u00e3o de 16,1 mil metros em defensas met\u00e1licas, mais de 4,5 mil hectares de \u00e1rea ro\u00e7ada \u2014 equivalente a 6,3 mil campos de futebol. Al\u00e9m disso, foram substitu\u00eddas mais de mil placas, efetuado trabalho de sinaliza\u00e7\u00e3o horizontal em 174 quil\u00f4metros e recuperados 118 quil\u00f4metros de pavimento asf\u00e1ltico. Foram quase 40 mil toneladas de massa asf\u00e1ltica e 5,8 mil toneladas de material fresado utilizados.<\/span><\/p>\n<p><span style=\"font-style: inherit; font-weight: inherit;\">\u00a0<\/span><\/p>\n<p><strong><span style=\"font-style: inherit; font-weight: inherit;\">Foto: Gustavo Vara\/Satolep Press<\/span><\/strong><\/p>\n","protected":false},"excerpt":{"rendered":"<p>Os n\u00fameros de acidentes de tr\u00e2nsito e de \u00f3bitos nos 457,3 quil\u00f4metros de estradas do Polo Rodovi\u00e1rio Pelotas (BR-116 e BR-392), administrado pela Ecosul, tiveram queda de cerca de 17%<\/p>\n","protected":false},"author":3,"featured_media":124637,"comment_status":"closed","ping_status":"closed","sticky":false,"template":"","format":"standard","meta":[],"categories":[305,149],"tags":[],"_links":{"self":[{"href":"https:\/\/diariodamanhapelotas.com.br\/site\/wp-json\/wp\/v2\/posts\/124636"}],"collection":[{"href":"https:\/\/diariodamanhapelotas.com.br\/site\/wp-json\/wp\/v2\/posts"}],"about":[{"href":"https:\/\/diariodamanhapelotas.com.br\/site\/wp-json\/wp\/v2\/types\/post"}],"author":[{"embeddable":true,"href":"https:\/\/diariodamanhapelotas.com.br\/site\/wp-json\/wp\/v2\/users\/3"}],"replies":[{"embeddable":true,"href":"https:\/\/diariodamanhapelotas.com.br\/site\/wp-json\/wp\/v2\/comments?post=124636"}],"version-history":[{"count":1,"href":"https:\/\/diariodamanhapelotas.com.br\/site\/wp-json\/wp\/v2\/posts\/124636\/revisions"}],"predecessor-version":[{"id":124639,"href":"https:\/\/diariodamanhapelotas.com.br\/site\/wp-json\/wp\/v2\/posts\/124636\/revisions\/124639"}],"wp:featuredmedia":[{"embeddable":true,"href":"https:\/\/diariodamanhapelotas.com.br\/site\/wp-json\/wp\/v2\/media\/124637"}],"wp:attachment":[{"href":"https:\/\/diariodamanhapelotas.com.br\/site\/wp-json\/wp\/v2\/media?parent=124636"}],"wp:term":[{"taxonomy":"category","embeddable":true,"href":"https:\/\/diariodamanhapelotas.com.br\/site\/wp-json\/wp\/v2\/categories?post=124636"},{"taxonomy":"post_tag","embeddable":true,"href":"https:\/\/diariodamanhapelotas.com.br\/site\/wp-json\/wp\/v2\/tags?post=124636"}],"curies":[{"name":"wp","href":"https:\/\/api.w.org\/{rel}","templated":true}]}}