{"id":124641,"date":"2022-12-29T10:25:59","date_gmt":"2022-12-29T13:25:59","guid":{"rendered":"https:\/\/diariodamanhapelotas.com.br\/site\/?p=124641"},"modified":"2022-12-30T15:06:46","modified_gmt":"2022-12-30T18:06:46","slug":"rua-do-doce-altera-horario-neste-fim-de-semana","status":"publish","type":"post","link":"https:\/\/diariodamanhapelotas.com.br\/site\/rua-do-doce-altera-horario-neste-fim-de-semana\/","title":{"rendered":"Rua do Doce altera hor\u00e1rio neste fim de semana"},"content":{"rendered":"<p dir=\"auto\">A\u00a0<strong>Rua do Doce de Pelotas<\/strong>\u00a0ter\u00e1 hor\u00e1rio alterado neste fim de semana, devido ao\u00a0<strong>Ano Novo<\/strong>. O funcionamento at\u00e9 sexta-feira (30) ser\u00e1 normal das 9h30 \u00e0s 19h30, no s\u00e1bado as bancas fecham \u00e0s 17h e no domingo (1\u00ba) n\u00e3o haver\u00e1 atendimento.<\/p>\n<p dir=\"auto\">O Centro de Comercializa\u00e7\u00e3o de Produtos Associados ao Turismo \u2013 Rua do Doce &#8211; est\u00e1 localizado na rua Sete de Setembro, entre General Os\u00f3rio e Cal\u00e7ad\u00e3o da Andrade Neves, pr\u00f3ximo ao chafariz. O local atende centenas de pessoas por dia e comercializa, em m\u00e9dia, 30 mil doces por m\u00eas, desde que inaugurou em julho deste ano.<\/p>\n<p dir=\"auto\">Quindins, ninhos, camafeus, bem-casados e demais doces tradicionais de Pelotas s\u00e3o comercializados por R$5,00 a unidade. H\u00e1 tamb\u00e9m a op\u00e7\u00e3o de encomendar os mesmos docinhos em tamanho de festa com pre\u00e7o em m\u00e9dia de R$2,75 a unidade. A presidente da Associa\u00e7\u00e3o dos Produtores de Doces de Pelotas, Simone Bica, comemorou a alta movimenta\u00e7\u00e3o de pessoas na semana do Natal. \u201cEsperamos que a busca pela sobremesa do Ano Novo motive os consumidores a procurarem a Rua do Doce nesta semana tamb\u00e9m.\u201d<\/p>\n<p dir=\"auto\">A Rua do Doce de Pelotas \u00e9 uma iniciativa da Prefeitura, com atua\u00e7\u00e3o da Secretaria de Desenvolvimento, Turismo e Inova\u00e7\u00e3o (Sdeti) e sob gest\u00e3o da Associa\u00e7\u00e3o dos Produtores de Doces de Pelotas. O espa\u00e7o conta com sete bancas, um sanit\u00e1rio, adaptado para Portadores de Necessidades Especiais (PNE), \u00e1rea de alimenta\u00e7\u00e3o e conviv\u00eancia. O empreendimento envolve 15 doceiras aut\u00f4nomas da Associa\u00e7\u00e3o Doces de Pelotas mais a Cooperativa dos Doceiros de Pelotas.<\/p>\n","protected":false},"excerpt":{"rendered":"<p>A\u00a0Rua do Doce de Pelotas\u00a0ter\u00e1 hor\u00e1rio alterado neste fim de semana, devido ao\u00a0Ano Novo. O funcionamento at\u00e9 sexta-feira (30) ser\u00e1 normal das 9h30 \u00e0s 19h30, no s\u00e1bado as bancas fecham<\/p>\n","protected":false},"author":4,"featured_media":120893,"comment_status":"closed","ping_status":"closed","sticky":false,"template":"","format":"standard","meta":[],"categories":[305,149],"tags":[],"_links":{"self":[{"href":"https:\/\/diariodamanhapelotas.com.br\/site\/wp-json\/wp\/v2\/posts\/124641"}],"collection":[{"href":"https:\/\/diariodamanhapelotas.com.br\/site\/wp-json\/wp\/v2\/posts"}],"about":[{"href":"https:\/\/diariodamanhapelotas.com.br\/site\/wp-json\/wp\/v2\/types\/post"}],"author":[{"embeddable":true,"href":"https:\/\/diariodamanhapelotas.com.br\/site\/wp-json\/wp\/v2\/users\/4"}],"replies":[{"embeddable":true,"href":"https:\/\/diariodamanhapelotas.com.br\/site\/wp-json\/wp\/v2\/comments?post=124641"}],"version-history":[{"count":2,"href":"https:\/\/diariodamanhapelotas.com.br\/site\/wp-json\/wp\/v2\/posts\/124641\/revisions"}],"predecessor-version":[{"id":124658,"href":"https:\/\/diariodamanhapelotas.com.br\/site\/wp-json\/wp\/v2\/posts\/124641\/revisions\/124658"}],"wp:featuredmedia":[{"embeddable":true,"href":"https:\/\/diariodamanhapelotas.com.br\/site\/wp-json\/wp\/v2\/media\/120893"}],"wp:attachment":[{"href":"https:\/\/diariodamanhapelotas.com.br\/site\/wp-json\/wp\/v2\/media?parent=124641"}],"wp:term":[{"taxonomy":"category","embeddable":true,"href":"https:\/\/diariodamanhapelotas.com.br\/site\/wp-json\/wp\/v2\/categories?post=124641"},{"taxonomy":"post_tag","embeddable":true,"href":"https:\/\/diariodamanhapelotas.com.br\/site\/wp-json\/wp\/v2\/tags?post=124641"}],"curies":[{"name":"wp","href":"https:\/\/api.w.org\/{rel}","templated":true}]}}