{"id":124648,"date":"2022-12-29T10:34:14","date_gmt":"2022-12-29T13:34:14","guid":{"rendered":"https:\/\/diariodamanhapelotas.com.br\/site\/?p=124648"},"modified":"2022-12-29T10:34:14","modified_gmt":"2022-12-29T13:34:14","slug":"11o-festival-internacional-sesc-de-musica-recebera-centenas-de-jovens-bolsistas-representando-19-estados-brasileiros-e-5-paises","status":"publish","type":"post","link":"https:\/\/diariodamanhapelotas.com.br\/site\/11o-festival-internacional-sesc-de-musica-recebera-centenas-de-jovens-bolsistas-representando-19-estados-brasileiros-e-5-paises\/","title":{"rendered":"11\u00ba Festival Internacional Sesc de M\u00fasica receber\u00e1 centenas de jovens bolsistas representando 19 estados brasileiros e 5 pa\u00edses"},"content":{"rendered":"<p dir=\"ltr\"><span data-ogsc=\"rgb(0, 0, 0)\">Cerca de 350 estudantes<\/span><span data-ogsc=\"rgb(0, 0, 0)\"> brasileiros, argentinos, bolivianos, chilenos e uruguaios estar\u00e3o, entre os <\/span><span data-ogsc=\"rgb(0, 0, 0)\">dias 16 e 27 de janeiro<\/span><span data-ogsc=\"rgb(0, 0, 0)\">, em <\/span><span data-ogsc=\"rgb(0, 0, 0)\">Pelotas, <\/span><span data-ogsc=\"rgb(0, 0, 0)\">compartilhando sonhos e experi\u00eancias, e aprendendo<\/span> <span data-ogsc=\"rgb(0, 0, 0)\">com educadores renomados de diversas partes do mundo no<\/span><span data-ogsc=\"rgb(0, 0, 0)\"> 11\u00ba Festival Internacional Sesc de M\u00fasica. <\/span><span data-ogsc=\"rgb(0, 0, 0)\">Do Brasil, n\u00e3o apenas os ga\u00fachos estar\u00e3o representados, mas tamb\u00e9m jovens bolsistas vindos do Amazonas, Bahia, Cear\u00e1, Distrito Federal, Esp\u00edrito Santo, Goi\u00e1s, Maranh\u00e3o, Minas Gerais, Mato Grosso, Mato Grosso do Sul, Par\u00e1, Para\u00edba, Paran\u00e1, Rio de Janeiro, Rio Grande do Norte, Roraima, Santa Catarina e S\u00e3o Paulo. Os encontros permitem aos alunos aprimorar a t\u00e9cnica com os instrumentos e, ainda, abrir os horizontes sobre as diversas oportunidades que a m\u00fasica pode propiciar.<\/span><\/p>\n<p dir=\"ltr\"><span data-ogsc=\"rgb(0, 0, 0)\">Prestes a participar pela primeira vez como aluna, a jovem Kethelen da Fonseca Bilhalva, 20 anos, \u00e9 pelotense e nutre uma rela\u00e7\u00e3o especial com o evento, que marcou sua vida. Hoje, graduanda da Licenciatura em M\u00fasica da Universidade Federal de Pelotas (UFPel), a estudante tinha 15 anos quando teve o primeiro contato com o Festival. Na \u00e9poca, era integrante da Orquestra Estudantil da Escola do Areal, projeto social coordenado pela professora de m\u00fasica Lys Ferreira com os alunos da institui\u00e7\u00e3o de ensino, em Pelotas. Junto a outros colegas, teve a oportunidade de participar atrav\u00e9s do eixo Sociocultural do evento que oferecia \u2013 e ainda oferece &#8211; aulas aos integrantes de sua orquestra e tamb\u00e9m da Orquestra Municipal de Pelotas. Ela ainda lembra que estava animada com a chance de aprender mais sobre o violino, instrumento pelo qual vinha se apaixonando aos poucos na escola. Mas a experi\u00eancia acabou sendo muito maior que isso.<\/span><\/p>\n<p dir=\"ltr\"><span data-ogsc=\"rgb(0, 0, 0)\">\u201cQuerendo ou n\u00e3o, na orquestra da escola, n\u00f3s n\u00e3o t\u00ednhamos muita vis\u00e3o do que realmente \u00e9 esse mundo da m\u00fasica&#8221;, explica Kethelen. &#8220;N\u00f3s acabamos n\u00e3o vendo muito o trabalho de outros artistas, nem tendo contato com outros m\u00fasicos al\u00e9m de n\u00f3s mesmos, e o Festival gera essa proximidade. \u00c9 muito inspirador participar de uma programa\u00e7\u00e3o t\u00e3o intensa como a do evento em Pelotas, onde n\u00f3s nos encontramos, trocamos ideias com estudantes de outros lugares, de outras realidades, conhecemos professores e artistas consagrados e ficamos &#8216;Nossa, um dia eu quero tocar como eles!&#8217; O Festival mostra como \u00e9 amplo esse horizonte da m\u00fasica&#8221;, sublinha.<\/span><\/p>\n<p dir=\"ltr\"><span data-ogsc=\"rgb(0, 0, 0)\">Inspirada pelo que viveu e sentiu naquela e nas edi\u00e7\u00f5es posteriores que vivenciou com a orquestra da escola, Kethelen ingressou no curso da Licenciatura em M\u00fasica da UFPel. Quer ter a chance de, como aconteceu com ela, poder inspirar outros jovens a seguir carreira na \u00e1rea. \u201cEu sinto que me encontrei e eu quero, realmente, seguir na doc\u00eancia em M\u00fasica\u201d, confirma.<\/span><\/p>\n<p dir=\"ltr\"><span data-ogsc=\"rgb(0, 0, 0)\">No caminho dessa apaixonada futura professora est\u00e1 mais uma participa\u00e7\u00e3o no Festival Internacional Sesc de M\u00fasica. Desta vez, n\u00e3o por meio da iniciativa social que atende \u00e0s orquestras locais, mas entre os centenas de alunos que participar\u00e3o do eixo Pedag\u00f3gico do evento. O grupo ter\u00e1 aulas com <\/span><span data-ogsc=\"rgb(0, 0, 0)\">50 professores<\/span><span data-ogsc=\"rgb(0, 0, 0)\"> reconhecidos mundialmente em academias, conservat\u00f3rios de m\u00fasica e orquestras com origem, al\u00e9m do Brasil, dos Estados Unidos, China, Chile, It\u00e1lia, Portugal, Alemanha, R\u00fassia, Bielor\u00fassia e Jap\u00e3o, cujos curr\u00edculos podem ser conferidos<\/span><a href=\"https:\/\/docs.google.com\/document\/d\/1wGsOJgrBuAQr5t5wSybJ-PQzMKMX-AZ9\/edit\" target=\"_blank\" rel=\"noopener noreferrer\" data-auth=\"NotApplicable\" data-ogsc=\"\" data-linkindex=\"2\"> aqui<\/a><span data-ogsc=\"rgb(0, 0, 0)\">.<\/span><\/p>\n<p dir=\"ltr\"><strong>Estudante celebra oportunidade de aprender com especialistas da \u00e1rea<\/strong><\/p>\n<p dir=\"ltr\"><span data-ogsc=\"rgb(0, 0, 0)\">Em Pelotas, a jovem Kethelen receber\u00e1 aulas de violino, onde busca se especializar, mas o Festival tamb\u00e9m ter\u00e1 aulas de viola, violoncelo, contrabaixo, harpa, flauta, obo\u00e9 (corne-ingl\u00eas), clarinete, fagote, trompa, trompete, trombone tenor, trombone baixo, tuba, saxofone, euf\u00f4nio, percuss\u00e3o, canto l\u00edrico, piano, composi\u00e7\u00e3o e choro. Cada inscrito j\u00e1 definiu, ao entrar para a etapa de sele\u00e7\u00e3o, com qual instrumento gostaria de trabalhar.<\/span><\/p>\n<p dir=\"ltr\"><span data-ogsc=\"rgb(0, 0, 0)\">Aguardando ansioso pelo in\u00edcio do evento, tamb\u00e9m est\u00e1 o pelotense Felipe Peres Domingues, de 23 anos, que foi selecionado para as aulas de violoncelo. Ele tocava viol\u00e3o desde bem mais novo e, com o incentivo da namorada, percebeu que gostaria de seguir carreira na m\u00fasica. Fez aulas de viol\u00e3o no Conservat\u00f3rio de M\u00fasica da UFPel e, de l\u00e1, migrou para o Bacharelado especializado no instrumento pela universidade. Foi por acaso que, atuando como monitor na Orquestra Municipal, Felipe foi apresentado ao violoncelo e apaixonou-se.<\/span><\/p>\n<p dir=\"ltr\"><span data-ogsc=\"rgb(0, 0, 0)\">&#8220;Hoje, eu j\u00e1 me interesso mais pelo violoncelo do que pelo viol\u00e3o. Eu ainda quero fazer curso de violoncelo depois que concluir a minha gradua\u00e7\u00e3o atual&#8221;, confidencia. \u00c9 por isso que a chance de participar do 11\u00ba Festival Internacional Sesc de M\u00fasica foi abra\u00e7ada com for\u00e7a pelo jovem. &#8220;Hoje, em Pelotas, n\u00e3o tem professor de violoncelo. Para fazer o curso, depois, eu terei que ir para Santa Maria ou para Porto Alegre. Ent\u00e3o, vai ser muito boa essa oportunidade do Festival. \u00c9 maravilhoso que pessoas de v\u00e1rias partes do mundo vir\u00e3o para essa experi\u00eancia&#8221;, destaca o rapaz que, at\u00e9 ent\u00e3o, participou do evento apenas como parte do p\u00fablico.<\/span><\/p>\n<div id=\"attachment_94000\" style=\"width: 310px\" class=\"wp-caption alignright\"><img aria-describedby=\"caption-attachment-94000\" loading=\"lazy\" class=\"size-medium wp-image-94000\" src=\"https:\/\/diariodamanhapelotas.com.br\/site\/wp-content\/uploads\/2019\/11\/violino-festival-300x200.jpg\" alt=\"\" width=\"300\" height=\"200\" srcset=\"https:\/\/diariodamanhapelotas.com.br\/site\/wp-content\/uploads\/2019\/11\/violino-festival-300x200.jpg 300w, https:\/\/diariodamanhapelotas.com.br\/site\/wp-content\/uploads\/2019\/11\/violino-festival-150x100.jpg 150w, https:\/\/diariodamanhapelotas.com.br\/site\/wp-content\/uploads\/2019\/11\/violino-festival.jpg 800w\" sizes=\"(max-width: 300px) 100vw, 300px\" \/><p id=\"caption-attachment-94000\" class=\"wp-caption-text\">POPULA\u00c7\u00c3O da cidade e turistas poder\u00e3o desfrutar de mais uma edi\u00e7\u00e3o, do evento internacional<\/p><\/div>\n<h2 dir=\"ltr\"><span data-ogsc=\"rgb(0, 0, 0)\">Os alunos<\/span><\/h2>\n<ul>\n<li dir=\"ltr\" data-ogsc=\"rgb(0, 0, 0)\">\n<p dir=\"ltr\" role=\"presentation\">S\u00e3o cerca de 350 alunos bolsistas que participar\u00e3o do eixo Pedag\u00f3gico do Festival<\/p>\n<\/li>\n<li dir=\"ltr\" data-ogsc=\"rgb(0, 0, 0)\">\n<p dir=\"ltr\" role=\"presentation\">Dentre eles, cinco pa\u00edses est\u00e3o representados: Argentina, Brasil, Bol\u00edvia, Chile e Uruguai<\/p>\n<\/li>\n<li dir=\"ltr\" data-ogsc=\"rgb(0, 0, 0)\">\n<p dir=\"ltr\" role=\"presentation\">Os brasileiros s\u00e3o de 19 estados diferentes: Amazonas, Bahia, Cear\u00e1, Distrito Federal, Esp\u00edrito Santo, Goi\u00e1s, Maranh\u00e3o, Minas Gerais, Mato Grosso, Mato Grosso do Sul, Par\u00e1, Para\u00edba, Paran\u00e1, Rio de Janeiro, Rio Grande do Norte, Rio Grande do Sul, Roraima, Santa Catarina e S\u00e3o Paulo<\/p>\n<\/li>\n<li dir=\"ltr\" data-ogsc=\"rgb(0, 0, 0)\">\n<p dir=\"ltr\" role=\"presentation\">Dentre os ga\u00fachos, s\u00e3o 23 as cidades do Rio Grande do Sul representadas: Alvorada, Bag\u00e9, Cachoeirinha, Cangu\u00e7u, Carazinho, Carlos Barbosa, Caxias do Sul, Cruz Alta, Erechim, Esteio, Farroupilha, Imb\u00e9, Novo Hamburgo, Passo Fundo, Pelotas, Porto Alegre, Rio Grande, Santa Maria, Santo\u00a0 \u00c2ngelo, Santo Ant\u00f4nio Da Patrulha, S\u00e3o Leopoldo, Sapucaia Do Sul e Taquara<\/p>\n<\/li>\n<li dir=\"ltr\" data-ogsc=\"rgb(0, 0, 0)\">\n<p dir=\"ltr\" role=\"presentation\">Do total, no eixo Sociocultural, 51 alunos ser\u00e3o recebidos das Orquestras Jovens do Sesc dos estados de Pernambuco, Par\u00e1, Para\u00edba, Minas Gerais, Mato Grosso do Sul, Sergipe, Roraima, Maranh\u00e3o e Piau\u00ed; al\u00e9m de 40 estudantes de Pelotas das orquestras estudantis Municipal e do Areal<\/p>\n<\/li>\n<\/ul>\n<h2 dir=\"ltr\"><span data-ogsc=\"rgb(0, 0, 0)\"><img loading=\"lazy\" class=\"alignleft size-medium wp-image-76760\" src=\"https:\/\/diariodamanhapelotas.com.br\/site\/wp-content\/uploads\/2018\/06\/festival-internacional-02-300x200.jpg\" alt=\"\" width=\"300\" height=\"200\" srcset=\"https:\/\/diariodamanhapelotas.com.br\/site\/wp-content\/uploads\/2018\/06\/festival-internacional-02-300x200.jpg 300w, https:\/\/diariodamanhapelotas.com.br\/site\/wp-content\/uploads\/2018\/06\/festival-internacional-02-150x100.jpg 150w, https:\/\/diariodamanhapelotas.com.br\/site\/wp-content\/uploads\/2018\/06\/festival-internacional-02.jpg 800w\" sizes=\"(max-width: 300px) 100vw, 300px\" \/>Festival Internacional Sesc de M\u00fasica<\/span><\/h2>\n<p dir=\"ltr\"><span data-ogsc=\"rgb(0, 0, 0)\">Em sua 11\u00aa edi\u00e7\u00e3o, o evento tem como objetivo incentivar o desenvolvimento da produ\u00e7\u00e3o musical, fomentar o interc\u00e2mbio e o desfrute de bens culturais. Promovido pelo Sistema Fecom\u00e9rcio-RS\/Sesc\/Senac, por meio da Lei de Incentivo \u00e0 Cultura do Governo Federal, em parceria com a Secretaria Especial da Cultura e Minist\u00e9rio do Turismo, e tendo como diretor art\u00edstico o maestro Evandro Matt\u00e9, o Festival atua em dois eixos principais: Pedag\u00f3gico e Sociocultural. No plano Pedag\u00f3gico, s\u00e3o ofertados cursos de instrumentos, composi\u00e7\u00e3o, canto l\u00edrico, choro, pr\u00e1tica de m\u00fasica de concerto e c\u00e2mara, pr\u00e1tica de orquestra e pr\u00e1tica de banda sinf\u00f4nica para estudantes e profissionais da m\u00fasica.<\/span><\/p>\n<p dir=\"ltr\"><span data-ogsc=\"rgb(0, 0, 0)\">J\u00e1 no Sociocultural, s\u00e3o realizados recitais de professores e alunos, al\u00e9m de uma ampla programa\u00e7\u00e3o de espet\u00e1culos gratuitos, abertos a toda comunidade. Para este ano, o Festival conta com o patroc\u00ednio master da CMPC, do Banco Regional de Desenvolvimento do Extremo Sul (BRDE), apoio do Grupo Panvel, apoio cultural da Universidade Cat\u00f3lica de Pelotas (UCPel), Universidade Federal de Pelotas (UFPel), Bibliotheca P\u00fablica Pelotense, Orquestra Sinf\u00f4nica de Porto Alegre (Ospa), Universidade do Vale do Rio dos Sinos (Unisinos) e Expresso Embaixador e apoio institucional da Prefeitura Municipal de Pelotas.<\/span><\/p>\n<h2 dir=\"ltr\"><span data-ogsc=\"rgb(0, 0, 0)\" data-ogsb=\"rgb(255, 255, 0)\">Sobre o 11\u00ba Festival Internacional Sesc de M\u00fasica<\/span><\/h2>\n<p dir=\"ltr\"><span data-ogsc=\"rgb(0, 0, 0)\">O que \u00e9?<\/span><span data-ogsc=\"rgb(0, 0, 0)\"> O Festival Internacional Sesc de M\u00fasica \u00e9 um dos maiores da \u00e1rea na Am\u00e9rica Latina e tem o objetivo de incentivar o desenvolvimento da produ\u00e7\u00e3o musical e fomentar o interc\u00e2mbio e o desfrute de bens culturais<\/span><\/p>\n<p dir=\"ltr\"><strong>Data: De 16 a 27 de janeiro de 2023, em Pelotas<\/strong><\/p>\n<p dir=\"ltr\"><span data-ogsc=\"rgb(0, 0, 0)\">Como acontece?<\/span><span data-ogsc=\"rgb(0, 0, 0)\"> Durante o Festival, os alunos participam das classes (cursos) e ensaios nos turnos da manh\u00e3 e tarde; e apresenta\u00e7\u00f5es que podem ocorrer pela manh\u00e3, tarde ou noite. Todas as apresenta\u00e7\u00f5es t\u00eam entrada franca para a comunidade<\/span><\/p>\n<ul>\n<li dir=\"ltr\"><span data-ogsc=\"rgb(0, 0, 0)\">Classes de M\u00fasica de Concerto: turno da manh\u00e3<\/span><\/li>\n<li dir=\"ltr\"><span data-ogsc=\"rgb(0, 0, 0)\">Classes de Canto L\u00edrico e Choro: manh\u00e3 e tarde<\/span><\/li>\n<li dir=\"ltr\"><span data-ogsc=\"rgb(0, 0, 0)\">Ensaios de orquestras, m\u00fasica de c\u00e2mara: turno da tarde e vespertino<\/span><\/li>\n<li dir=\"ltr\"><span data-ogsc=\"rgb(0, 0, 0)\">Ensaios de recitais de alunos: manh\u00e3 e tarde (a combinar com o coordenador da \u00e1rea)<\/span><\/li>\n<\/ul>\n<p dir=\"ltr\"><span data-ogsc=\"rgb(0, 0, 0)\">Ingressos:<\/span><span data-ogsc=\"rgb(0, 0, 0)\"> Entrada gratuita para todos os espet\u00e1culos, mas para as apresenta\u00e7\u00f5es no Theatro Guarany e no Teatro Sicredi, \u00e9 necess\u00e1ria a retirada antecipada de ingressos na Rua Lobo da Costa, 849, de segunda a sexta-feira, das 9h \u00e0s 12h e das 13h30 \u00e0s 18h30. H\u00e1 limite de um par por pessoa, conforme o cronograma: Nos dias 10, 11, 12 e 13 retiram ingressos para espet\u00e1culos de 16, 17, 18 e 19; nos dias 14, 17, 18 e 19 de janeiro s\u00e3o entregues para 19, 22 e 23; e 20, 21, 23 e 24 distribui ingressos para os dias 24, 25 e 26. Quem n\u00e3o conseguir buscar com anteced\u00eancia, pode tentar uma hora antes de cada concerto na entrada dos teatros, onde haver\u00e1 um n\u00famero limitado de ingressos \u00e0 disposi\u00e7\u00e3o. Sugere-se a doa\u00e7\u00e3o de 1kg de alimento n\u00e3o perec\u00edvel por pessoa para o programa Mesa Brasil Sesc.<\/span><\/p>\n","protected":false},"excerpt":{"rendered":"<p>Cerca de 350 estudantes brasileiros, argentinos, bolivianos, chilenos e uruguaios estar\u00e3o, entre os dias 16 e 27 de janeiro, em Pelotas, compartilhando sonhos e experi\u00eancias, e aprendendo com educadores renomados<\/p>\n","protected":false},"author":4,"featured_media":76760,"comment_status":"closed","ping_status":"closed","sticky":false,"template":"","format":"standard","meta":[],"categories":[305,32],"tags":[],"_links":{"self":[{"href":"https:\/\/diariodamanhapelotas.com.br\/site\/wp-json\/wp\/v2\/posts\/124648"}],"collection":[{"href":"https:\/\/diariodamanhapelotas.com.br\/site\/wp-json\/wp\/v2\/posts"}],"about":[{"href":"https:\/\/diariodamanhapelotas.com.br\/site\/wp-json\/wp\/v2\/types\/post"}],"author":[{"embeddable":true,"href":"https:\/\/diariodamanhapelotas.com.br\/site\/wp-json\/wp\/v2\/users\/4"}],"replies":[{"embeddable":true,"href":"https:\/\/diariodamanhapelotas.com.br\/site\/wp-json\/wp\/v2\/comments?post=124648"}],"version-history":[{"count":1,"href":"https:\/\/diariodamanhapelotas.com.br\/site\/wp-json\/wp\/v2\/posts\/124648\/revisions"}],"predecessor-version":[{"id":124649,"href":"https:\/\/diariodamanhapelotas.com.br\/site\/wp-json\/wp\/v2\/posts\/124648\/revisions\/124649"}],"wp:featuredmedia":[{"embeddable":true,"href":"https:\/\/diariodamanhapelotas.com.br\/site\/wp-json\/wp\/v2\/media\/76760"}],"wp:attachment":[{"href":"https:\/\/diariodamanhapelotas.com.br\/site\/wp-json\/wp\/v2\/media?parent=124648"}],"wp:term":[{"taxonomy":"category","embeddable":true,"href":"https:\/\/diariodamanhapelotas.com.br\/site\/wp-json\/wp\/v2\/categories?post=124648"},{"taxonomy":"post_tag","embeddable":true,"href":"https:\/\/diariodamanhapelotas.com.br\/site\/wp-json\/wp\/v2\/tags?post=124648"}],"curies":[{"name":"wp","href":"https:\/\/api.w.org\/{rel}","templated":true}]}}