{"id":124651,"date":"2022-12-29T10:58:17","date_gmt":"2022-12-29T13:58:17","guid":{"rendered":"https:\/\/diariodamanhapelotas.com.br\/site\/?p=124651"},"modified":"2022-12-29T10:58:17","modified_gmt":"2022-12-29T13:58:17","slug":"fogos-de-artificio-podem-prejudicar-a-audicao","status":"publish","type":"post","link":"https:\/\/diariodamanhapelotas.com.br\/site\/fogos-de-artificio-podem-prejudicar-a-audicao\/","title":{"rendered":"Fogos de artif\u00edcio podem prejudicar a audi\u00e7\u00e3o"},"content":{"rendered":"<h3 style=\"text-align: center;\"><em>Especialista alerta para danos causados por roj\u00f5es e indica cuidados nessa \u00e9poca do ano<\/em><\/h3>\n<p>Durante as festas de r\u00e9veillon, \u00e9 comum o uso de fogos de artif\u00edcio para celebrar a chegada de mais um ano. Apesar de ser uma data de extrema comemora\u00e7\u00e3o, existem riscos que devem ser levados em considera\u00e7\u00e3o para que a sa\u00fade auditiva n\u00e3o seja prejudicada.<\/p>\n<p>Segundo Felippe Felix, m\u00e9dico especialista em otologia e membro da Associa\u00e7\u00e3o Brasileira de Otorrinolaringologia e Cirurgia C\u00e9rvico-Facial (ABORL-CCF), os fogos podem causar danos \u00e0 audi\u00e7\u00e3o e, em muitas situa\u00e7\u00f5es, eles s\u00e3o permanentes &#8211; nos casos mais graves.<\/p>\n<p>\u201cA exposi\u00e7\u00e3o a sons acima de 85 decib\u00e9is j\u00e1 pode causar problemas auditivos, e os fogos de artif\u00edcio chegam a 140 decib\u00e9is. E quanto mais pr\u00f3xima a pessoa estiver dos fogos, maior a chance de provocar danos \u00e0 audi\u00e7\u00e3o \u201d, explica o especialista.<\/p>\n<p>O som entra pelo conduto auditivo at\u00e9 chegar \u00e0 c\u00f3clea, onde ficam as c\u00e9lulas ciliadas, que s\u00e3o os receptores sensoriais do sistema auditivo. Em situa\u00e7\u00f5es de som alto e forte, como a explos\u00e3o dos fogos de artif\u00edcio, as c\u00e9lulas da parte interna do ouvido podem ser danificadas, levando a um trauma ac\u00fastico, que resultar\u00e1 na queda s\u00fabita de audi\u00e7\u00e3o.<\/p>\n<p>A proximidade da explos\u00e3o de roj\u00f5es e a exposi\u00e7\u00e3o aos fogos podem desencadear sintomas tempor\u00e1rios ou permanentes, que v\u00e3o variar de acordo com o n\u00edvel da les\u00e3o. E os primeiros ind\u00edcios s\u00e3o sensa\u00e7\u00e3o de ouvido tapado, dificuldade para ouvir, tontura em alguns casos e zumbidos.<\/p>\n<p>\u201cCaso qualquer um dos sintomas permane\u00e7a por mais de um dia, \u00e9 necess\u00e1rio que o indiv\u00edduo procure um especialista&#8221;, alerta Felix.<\/p>\n<p>As les\u00f5es podem ocorrer em qualquer pessoa exposta ao som, mas quem possui alguma predisposi\u00e7\u00e3o gen\u00e9tica ou j\u00e1 convive com ru\u00eddos cont\u00ednuos em seus ambientes de trabalho, por exemplo, apresentam maior probabilidade de dano permanente na audi\u00e7\u00e3o.<\/p>\n<p>\u201cO ideal \u00e9 se manter longe da fonte sonora ou usar protetores de ouvido que funcionam como atenuadores sonoros, diminuindo o grau de exposi\u00e7\u00e3o ao barulho\u201d, acrescenta o otologista.<\/p>\n<p>\u00c9 importante tamb\u00e9m respeitar a dist\u00e2ncia recomendada na embalagem do produto. Assim, o estouro n\u00e3o ser\u00e1 t\u00e3o prejudicial ao sistema auditivo.<\/p>\n<p>Ainda que em \u00e9pocas festivas o estrondo do show de luzes no c\u00e9u seja comum, j\u00e1 existem fogos de artif\u00edcio sem estampido, que proporcionam os efeitos luminosos com menor risco. Na vis\u00e3o do especialista, esse recurso \u00e9 o mais apropriado e poupa poss\u00edveis danos. \u201cIsso com certeza beneficia todos que est\u00e3o participando do evento e evita a les\u00e3o auditiva\u201d, finaliza F\u00e9lix.<\/p>\n","protected":false},"excerpt":{"rendered":"<p>Especialista alerta para danos causados por roj\u00f5es e indica cuidados nessa \u00e9poca do ano Durante as festas de r\u00e9veillon, \u00e9 comum o uso de fogos de artif\u00edcio para celebrar a<\/p>\n","protected":false},"author":3,"featured_media":124652,"comment_status":"closed","ping_status":"closed","sticky":false,"template":"","format":"standard","meta":[],"categories":[305,150],"tags":[],"_links":{"self":[{"href":"https:\/\/diariodamanhapelotas.com.br\/site\/wp-json\/wp\/v2\/posts\/124651"}],"collection":[{"href":"https:\/\/diariodamanhapelotas.com.br\/site\/wp-json\/wp\/v2\/posts"}],"about":[{"href":"https:\/\/diariodamanhapelotas.com.br\/site\/wp-json\/wp\/v2\/types\/post"}],"author":[{"embeddable":true,"href":"https:\/\/diariodamanhapelotas.com.br\/site\/wp-json\/wp\/v2\/users\/3"}],"replies":[{"embeddable":true,"href":"https:\/\/diariodamanhapelotas.com.br\/site\/wp-json\/wp\/v2\/comments?post=124651"}],"version-history":[{"count":1,"href":"https:\/\/diariodamanhapelotas.com.br\/site\/wp-json\/wp\/v2\/posts\/124651\/revisions"}],"predecessor-version":[{"id":124653,"href":"https:\/\/diariodamanhapelotas.com.br\/site\/wp-json\/wp\/v2\/posts\/124651\/revisions\/124653"}],"wp:featuredmedia":[{"embeddable":true,"href":"https:\/\/diariodamanhapelotas.com.br\/site\/wp-json\/wp\/v2\/media\/124652"}],"wp:attachment":[{"href":"https:\/\/diariodamanhapelotas.com.br\/site\/wp-json\/wp\/v2\/media?parent=124651"}],"wp:term":[{"taxonomy":"category","embeddable":true,"href":"https:\/\/diariodamanhapelotas.com.br\/site\/wp-json\/wp\/v2\/categories?post=124651"},{"taxonomy":"post_tag","embeddable":true,"href":"https:\/\/diariodamanhapelotas.com.br\/site\/wp-json\/wp\/v2\/tags?post=124651"}],"curies":[{"name":"wp","href":"https:\/\/api.w.org\/{rel}","templated":true}]}}