{"id":124655,"date":"2022-12-29T11:55:00","date_gmt":"2022-12-29T14:55:00","guid":{"rendered":"https:\/\/diariodamanhapelotas.com.br\/site\/?p=124655"},"modified":"2022-12-29T11:55:00","modified_gmt":"2022-12-29T14:55:00","slug":"ano-de-2023-tera-9-feriados-nacionais-e-5-pontos-facultativos","status":"publish","type":"post","link":"https:\/\/diariodamanhapelotas.com.br\/site\/ano-de-2023-tera-9-feriados-nacionais-e-5-pontos-facultativos\/","title":{"rendered":"Ano de 2023 ter\u00e1 9 feriados nacionais e 5 pontos facultativos"},"content":{"rendered":"<p>O Minist\u00e9rio da Economia editou portaria que estabelece os dias de feriados nacionais e de ponto facultativo no ano de 2023. A medida \u00e9 para cumprimento pelos \u00f3rg\u00e3os e entidades da administra\u00e7\u00e3o p\u00fablica federal direta, aut\u00e1rquica e fundacional, sem preju\u00edzo da presta\u00e7\u00e3o dos servi\u00e7os considerados essenciais.<img src=\"https:\/\/agenciabrasil.ebc.com.br\/ebc.png?id=1500313&amp;o=node\" \/><img src=\"https:\/\/agenciabrasil.ebc.com.br\/ebc.gif?id=1500313&amp;o=node\" \/><\/p>\n<p>A Portaria n\u00ba 11.090, de 27 de dezembro de 2022, est\u00e1 publicada no<a href=\"https:\/\/www.in.gov.br\/en\/web\/dou\/-\/portaria-me-n-11.090-de-27-de-dezembro-de-2022-454503426\" target=\"_blank\" rel=\"noopener noreferrer\"><em>\u00a0Di\u00e1rio Oficial da Uni\u00e3o<\/em><\/a>\u00a0desta quinta-feira (29) e define ainda que os feriados estaduais ou municipais ser\u00e3o observados pelas reparti\u00e7\u00f5es da administra\u00e7\u00e3o p\u00fablica federal direta, aut\u00e1rquica e fundacional dos estados e munic\u00edpios.<\/p>\n<p>O documento informa tamb\u00e9m que \u00e9 vedado aos \u00f3rg\u00e3os e entidades integrantes do Sistema de Pessoal Civil da Administra\u00e7\u00e3o Federal antecipar ou postergar ponto facultativo em discord\u00e2ncia com o que est\u00e1 disposto na portaria que define os dias de feriado e ponto facultativo.<\/p>\n<p><strong>Rela\u00e7\u00e3o dos feriados e pontos facultativos de 2023:<\/strong><\/p>\n<ul>\n<li>&#8211; 1\u00ba de janeiro, Confraterniza\u00e7\u00e3o Universal (feriado nacional);<\/li>\n<li>&#8211; 20 de fevereiro, carnaval (ponto facultativo);<\/li>\n<li>&#8211; 21 de fevereiro, carnaval (ponto facultativo);<\/li>\n<li>&#8211; 22 de fevereiro, quarta-feira de cinzas (ponto facultativo at\u00e9 \u00e0s 14 horas);<\/li>\n<li>&#8211; 7 de abril, Paix\u00e3o de Cristo (feriado nacional);<\/li>\n<li>&#8211; 21 de abril, Tiradentes (feriado nacional);<\/li>\n<li>-1\u00ba de maio, Dia Mundial do Trabalho (feriado nacional);<\/li>\n<li>&#8211; 8 de junho, Corpus Christi (ponto facultativo);<\/li>\n<li>&#8211; 7 de setembro, Independ\u00eancia do Brasil (feriado nacional);<\/li>\n<li>&#8211; 12 de outubro, Nossa Senhora Aparecida (feriado nacional);<\/li>\n<li>&#8211; 28 de outubro, Dia do Servidor P\u00fablico (ponto facultativo);<\/li>\n<li>&#8211; 2 de novembro, Finados (feriado nacional);<\/li>\n<li>&#8211; 15 de novembro, Proclama\u00e7\u00e3o da Rep\u00fablica (feriado nacional); e<\/li>\n<li>&#8211; 25 de dezembro, Natal (feriado nacional).<\/li>\n<\/ul>\n","protected":false},"excerpt":{"rendered":"<p>O Minist\u00e9rio da Economia editou portaria que estabelece os dias de feriados nacionais e de ponto facultativo no ano de 2023. A medida \u00e9 para cumprimento pelos \u00f3rg\u00e3os e entidades<\/p>\n","protected":false},"author":4,"featured_media":105136,"comment_status":"closed","ping_status":"closed","sticky":false,"template":"","format":"standard","meta":[],"categories":[305,27],"tags":[],"_links":{"self":[{"href":"https:\/\/diariodamanhapelotas.com.br\/site\/wp-json\/wp\/v2\/posts\/124655"}],"collection":[{"href":"https:\/\/diariodamanhapelotas.com.br\/site\/wp-json\/wp\/v2\/posts"}],"about":[{"href":"https:\/\/diariodamanhapelotas.com.br\/site\/wp-json\/wp\/v2\/types\/post"}],"author":[{"embeddable":true,"href":"https:\/\/diariodamanhapelotas.com.br\/site\/wp-json\/wp\/v2\/users\/4"}],"replies":[{"embeddable":true,"href":"https:\/\/diariodamanhapelotas.com.br\/site\/wp-json\/wp\/v2\/comments?post=124655"}],"version-history":[{"count":1,"href":"https:\/\/diariodamanhapelotas.com.br\/site\/wp-json\/wp\/v2\/posts\/124655\/revisions"}],"predecessor-version":[{"id":124656,"href":"https:\/\/diariodamanhapelotas.com.br\/site\/wp-json\/wp\/v2\/posts\/124655\/revisions\/124656"}],"wp:featuredmedia":[{"embeddable":true,"href":"https:\/\/diariodamanhapelotas.com.br\/site\/wp-json\/wp\/v2\/media\/105136"}],"wp:attachment":[{"href":"https:\/\/diariodamanhapelotas.com.br\/site\/wp-json\/wp\/v2\/media?parent=124655"}],"wp:term":[{"taxonomy":"category","embeddable":true,"href":"https:\/\/diariodamanhapelotas.com.br\/site\/wp-json\/wp\/v2\/categories?post=124655"},{"taxonomy":"post_tag","embeddable":true,"href":"https:\/\/diariodamanhapelotas.com.br\/site\/wp-json\/wp\/v2\/tags?post=124655"}],"curies":[{"name":"wp","href":"https:\/\/api.w.org\/{rel}","templated":true}]}}