{"id":124659,"date":"2022-12-30T15:18:13","date_gmt":"2022-12-30T18:18:13","guid":{"rendered":"https:\/\/diariodamanhapelotas.com.br\/site\/?p=124659"},"modified":"2022-12-30T15:23:00","modified_gmt":"2022-12-30T18:23:00","slug":"confira-os-nomes-dos-37-ministros-do-futuro-governo-de-lula","status":"publish","type":"post","link":"https:\/\/diariodamanhapelotas.com.br\/site\/confira-os-nomes-dos-37-ministros-do-futuro-governo-de-lula\/","title":{"rendered":"Confira os nomes dos 37 ministros do futuro governo de Lula"},"content":{"rendered":"<p>O\u00a0<a href=\"https:\/\/agenciabrasil.ebc.com.br\/politica\/noticia\/2022-12\/presidente-eleito-anuncia-ultimos-16-ministros-do-novo-governo\" target=\"_blank\" rel=\"noopener noreferrer\">\u00faltimos nomes de ministros<\/a> do futuro governo do presidente eleito, Luiz In\u00e1cio Lula da Silva, foram anunciados quinta-feira (29), em Bras\u00edlia. No total, ser\u00e3o 37 minist\u00e9rios. Desses, cinco s\u00e3o ligados \u00e0 Presid\u00eancia da Rep\u00fablica. Os ministros assumem o cargo no pr\u00f3ximo domingo (1\u00ba).<img src=\"https:\/\/agenciabrasil.ebc.com.br\/ebc.png?id=1500401&amp;o=node\" \/><img src=\"https:\/\/agenciabrasil.ebc.com.br\/ebc.gif?id=1500401&amp;o=node\" \/><\/p>\n<p>Confira abaixo os nomes anunciados para todos os 37 minist\u00e9rios:<\/p>\n<div id=\"attachment_124662\" style=\"width: 571px\" class=\"wp-caption aligncenter\"><img aria-describedby=\"caption-attachment-124662\" loading=\"lazy\" class=\" wp-image-124662\" src=\"https:\/\/diariodamanhapelotas.com.br\/site\/wp-content\/uploads\/2022\/12\/lula-ministros.jpg\" alt=\"\" width=\"561\" height=\"336\" srcset=\"https:\/\/diariodamanhapelotas.com.br\/site\/wp-content\/uploads\/2022\/12\/lula-ministros.jpg 800w, https:\/\/diariodamanhapelotas.com.br\/site\/wp-content\/uploads\/2022\/12\/lula-ministros-300x180.jpg 300w, https:\/\/diariodamanhapelotas.com.br\/site\/wp-content\/uploads\/2022\/12\/lula-ministros-150x90.jpg 150w, https:\/\/diariodamanhapelotas.com.br\/site\/wp-content\/uploads\/2022\/12\/lula-ministros-768x460.jpg 768w\" sizes=\"(max-width: 561px) 100vw, 561px\" \/><p id=\"caption-attachment-124662\" class=\"wp-caption-text\">No total, o terceiro mandato de Lula contar\u00e1 com 37 minist\u00e9rios<\/p><\/div>\n<h2>Na Presid\u00eancia da Rep\u00fablica:<\/h2>\n<ol>\n<li><strong>Casa Civil \u2013 Rui Costa<\/strong><\/li>\n<li><strong>Secretaria-Geral \u00a0\u2013 M\u00e1rcio Macedo<\/strong><\/li>\n<li><strong>Secretaria de Rela\u00e7\u00f5es Institucionais \u2013 Alexandre Padilha<\/strong><\/li>\n<li><strong>Gabinete de Seguran\u00e7a Institucional \u2013 Gon\u00e7alves Dias<\/strong><\/li>\n<li><strong>Secretaria de Comunica\u00e7\u00e3o \u2013 Paulo Pimenta<\/strong><\/li>\n<\/ol>\n<h2>Na Esplanada dos Minist\u00e9rios:<\/h2>\n<ol>\n<li value=\"6\"><strong>Advocacia-Geral da Uni\u00e3o (AGU) \u2013 Jorge Messias<\/strong><\/li>\n<li value=\"7\"><strong>Controladoria-Geral da Uni\u00e3o \u2013 Vinicius Marques de Carvalho<\/strong><\/li>\n<li value=\"8\"><strong>Agricultura, Pecu\u00e1ria e Abastecimento \u2013 Carlos F\u00e1varo<\/strong><\/li>\n<li value=\"9\"><strong>Ci\u00eancia e Tecnologia \u2013 Luciana Santos<\/strong><\/li>\n<li value=\"10\"><strong>Cultura \u2013 Margareth Menezes<\/strong><\/li>\n<li value=\"11\"><strong>Defesa \u2013 Jos\u00e9 M\u00facio Monteiro<\/strong><\/li>\n<li value=\"12\"><strong>Fazenda \u2013 Fernando Haddad<\/strong><\/li>\n<li value=\"13\"><strong>Educa\u00e7\u00e3o \u2013 Camilo Santana<\/strong><\/li>\n<li value=\"14\"><strong>Gest\u00e3o e Inova\u00e7\u00e3o em Servi\u00e7os P\u00fablicos \u2013 Esther Dweck<\/strong><\/li>\n<li value=\"15\"><strong>Igualdade Racial \u2013 Anielle Franco<\/strong><\/li>\n<li value=\"16\"><strong>Desenvolvimento, Ind\u00fastria, Com\u00e9rcio e Servi\u00e7os \u2013 Geraldo Alckmin<\/strong><\/li>\n<li value=\"17\"><strong>Integra\u00e7\u00e3o e Desenvolvimento Regional &#8211; Waldez G\u00f3es<\/strong><\/li>\n<li value=\"18\"><strong>Justi\u00e7a e Seguran\u00e7a P\u00fablica \u2013 Flavio Dino<\/strong><\/li>\n<li value=\"19\"><strong>Pesca e Aquicultura \u2013 Andr\u00e9 de Paula<\/strong><\/li>\n<li value=\"20\"><strong>Previd\u00eancia Social \u2013 Carlos Lupi<\/strong><\/li>\n<li value=\"21\"><strong>Sa\u00fade \u2013 N\u00edsia Trindade<\/strong><\/li>\n<li value=\"22\"><strong>Cidades \u2013 Jader Filho<\/strong><\/li>\n<li value=\"23\"><strong>Comunica\u00e7\u00f5es \u2013 Juscelino Filho<\/strong><\/li>\n<li value=\"24\"><strong>Rela\u00e7\u00f5es Exteriores \u2013 Mauro Vieira<\/strong><\/li>\n<li value=\"25\"><strong>Minas e Energia \u2013 Alexandre Silveira<\/strong><\/li>\n<li value=\"26\"><strong>Mulher \u2013 Cida Gon\u00e7alves<\/strong><\/li>\n<li value=\"27\"><strong>Portos e Aeroportos \u2013 Marcio Fran\u00e7a<\/strong><\/li>\n<li value=\"28\"><strong>Desenvolvimento Social, Assist\u00eancia, Fam\u00edlia e Combate \u00e0 Fome \u2013 Wellington Dias<\/strong><\/li>\n<li value=\"29\"><strong>Esporte \u2013 Ana Moser<\/strong><\/li>\n<li value=\"30\"><strong>Meio Ambiente \u2013 Marina Silva<\/strong><\/li>\n<li value=\"31\"><strong>Planejamento e Or\u00e7amento \u2013 Simone Tebet<\/strong><\/li>\n<li value=\"32\"><strong>Trabalho e Emprego \u2013 Luiz Marinho<\/strong><\/li>\n<li value=\"33\"><strong>Turismo \u2013 Daniela Souza Carneiro\u00a0 \u00a0<\/strong><\/li>\n<li value=\"34\"><strong>Direitos Humanos e Cidadania \u2013 Silvio Almeida<\/strong><\/li>\n<li value=\"35\"><strong>Povos Ind\u00edgenas \u2013 S\u00f4nia Guajajara<\/strong><\/li>\n<li value=\"36\"><strong>Transportes \u2013 Renan Filho<\/strong><\/li>\n<li value=\"37\"><strong>Desenvolvimento Agr\u00e1rio e Agricultura Familiar \u2013 Paulo Teixeira<\/strong><\/li>\n<\/ol>\n<p><strong>Da EBC<\/strong><\/p>\n","protected":false},"excerpt":{"rendered":"<p>O\u00a0\u00faltimos nomes de ministros do futuro governo do presidente eleito, Luiz In\u00e1cio Lula da Silva, foram anunciados quinta-feira (29), em Bras\u00edlia. No total, ser\u00e3o 37 minist\u00e9rios. Desses, cinco s\u00e3o ligados<\/p>\n","protected":false},"author":4,"featured_media":124660,"comment_status":"closed","ping_status":"closed","sticky":false,"template":"","format":"standard","meta":[],"categories":[305,28],"tags":[],"_links":{"self":[{"href":"https:\/\/diariodamanhapelotas.com.br\/site\/wp-json\/wp\/v2\/posts\/124659"}],"collection":[{"href":"https:\/\/diariodamanhapelotas.com.br\/site\/wp-json\/wp\/v2\/posts"}],"about":[{"href":"https:\/\/diariodamanhapelotas.com.br\/site\/wp-json\/wp\/v2\/types\/post"}],"author":[{"embeddable":true,"href":"https:\/\/diariodamanhapelotas.com.br\/site\/wp-json\/wp\/v2\/users\/4"}],"replies":[{"embeddable":true,"href":"https:\/\/diariodamanhapelotas.com.br\/site\/wp-json\/wp\/v2\/comments?post=124659"}],"version-history":[{"count":2,"href":"https:\/\/diariodamanhapelotas.com.br\/site\/wp-json\/wp\/v2\/posts\/124659\/revisions"}],"predecessor-version":[{"id":124668,"href":"https:\/\/diariodamanhapelotas.com.br\/site\/wp-json\/wp\/v2\/posts\/124659\/revisions\/124668"}],"wp:featuredmedia":[{"embeddable":true,"href":"https:\/\/diariodamanhapelotas.com.br\/site\/wp-json\/wp\/v2\/media\/124660"}],"wp:attachment":[{"href":"https:\/\/diariodamanhapelotas.com.br\/site\/wp-json\/wp\/v2\/media?parent=124659"}],"wp:term":[{"taxonomy":"category","embeddable":true,"href":"https:\/\/diariodamanhapelotas.com.br\/site\/wp-json\/wp\/v2\/categories?post=124659"},{"taxonomy":"post_tag","embeddable":true,"href":"https:\/\/diariodamanhapelotas.com.br\/site\/wp-json\/wp\/v2\/tags?post=124659"}],"curies":[{"name":"wp","href":"https:\/\/api.w.org\/{rel}","templated":true}]}}