{"id":124664,"date":"2022-12-30T15:20:39","date_gmt":"2022-12-30T18:20:39","guid":{"rendered":"https:\/\/diariodamanhapelotas.com.br\/site\/?p=124664"},"modified":"2022-12-30T15:20:39","modified_gmt":"2022-12-30T18:20:39","slug":"inflacao-dos-alugueis-fecha-o-ano-em-545","status":"publish","type":"post","link":"https:\/\/diariodamanhapelotas.com.br\/site\/inflacao-dos-alugueis-fecha-o-ano-em-545\/","title":{"rendered":"Infla\u00e7\u00e3o dos alugu\u00e9is fecha o ano em 5,45%"},"content":{"rendered":"<p>O \u00cdndice Geral de Pre\u00e7os \u2013 Mercado (IGP-M), usado para o reajuste dos contratos de aluguel, subiu 0,45% este m\u00eas, acumulando alta de 5,45% de janeiro a dezembro de 2022. Em novembro, o indicador caiu 0,56%, e\u00a0em dezembro do ano passado,\u00a0a varia\u00e7\u00e3o foi de 0,87%, com alta de 17,78% acumulada em 12 meses. Os dados foram divulgados\u00a0<span id=\"OBJ_PREFIX_DWT246_com_zimbra_date\" role=\"link\"><span id=\"OBJ_PREFIX_DWT258_com_zimbra_date\" role=\"link\">hoje<\/span><\/span>\u00a0(29) pelo Instituto Brasileiro de Economia da Funda\u00e7\u00e3o Getulio Vargas (FGV Ibre).<img src=\"https:\/\/agenciabrasil.ebc.com.br\/ebc.png?id=1500332&amp;o=node\" \/><img src=\"https:\/\/agenciabrasil.ebc.com.br\/ebc.gif?id=1500332&amp;o=node\" \/><\/p>\n<p>De acordo com o coordenador dos \u00cdndices de Pre\u00e7os do instituto, Andr\u00e9 Braz, o \u00edndice foi afetado pela acelera\u00e7\u00e3o no pre\u00e7o de alimentos importantes na cesta, tanto para o produtor como para o consumidor.<\/p>\n<p>\u201cNo \u00edndice ao produtor, os maiores aumentos foram registrados para\u00a0feij\u00e3o (de -1,45% para 15,36%), bovinos (de -2,20% para 1,55%) e \u00f3leo de soja refinado (de 2,57% para 7,35%). J\u00e1 no \u00e2mbito do consumidor, as maiores altas foram registradas para alimentos\u00a0<em>in natura<\/em>, com destaque para\u00a0tomate (18,13% para 19,12%) e cebola (17,36% para 24,80%)\u201d.<\/p>\n<h2>Componentes<\/h2>\n<p>Entre os componentes do IGP-M, o \u00cdndice de Pre\u00e7os ao Produtor Amplo (IPA) subiu 0,47% em dezembro, ap\u00f3s cair 0,94% em novembro. Por est\u00e1gios de processamento, o grupo bens finais caiu 0,29%, ap\u00f3s alta de 0,13% no m\u00eas anterior.<\/p>\n<p>A principal influ\u00eancia veio do subgrupo alimentos processados, cuja taxa passou de 0,01% para -0,47%. O \u00edndice bens finais (ex), que exclui os alimentos\u00a0<em>in natura<\/em>\u00a0e combust\u00edveis para o consumo, passou de 0,12% em novembro para -0,09% em dezembro.<\/p>\n<p>A taxa dos bens intermedi\u00e1rios, que havia ca\u00eddo 0,11% em novembro, teve queda de 0,30%, puxada pelo subgrupo combust\u00edveis e lubrificantes para a produ\u00e7\u00e3o, que passou de 0,83% para -2,26%. O \u00edndice de bens intermedi\u00e1rios (ex), que exclui esse subgrupo, subiu 0,13% em dezembro, depois de cair 0,32% em novembro.<\/p>\n<p>J\u00e1 o est\u00e1gio das mat\u00e9rias-primas brutas teve alta de 2,09% em dezembro, ap\u00f3s queda de 2,86%. As principais influ\u00eancias vieram do min\u00e9rio de ferro (-8,01% para 16,32%), caf\u00e9 em gr\u00e3o (-20,97% para 0,40%) e bovinos (-2,20% para 1,55%). Entre as desacelera\u00e7\u00f5es no m\u00eas, os destaques s\u00e3o a soja em gr\u00e3o (1,25% para -1,52%), a laranja (8,88% para -3,04%) e a mandioca (6,33% para 1,72%).<\/p>\n<h2>IPC<\/h2>\n<p>O FGV Ibre tamb\u00e9m divulgou\u00a0<span id=\"OBJ_PREFIX_DWT247_com_zimbra_date\" role=\"link\"><span id=\"OBJ_PREFIX_DWT259_com_zimbra_date\" role=\"link\">hoje<\/span><\/span>\u00a0o \u00cdndice de Pre\u00e7os ao Consumidor (IPC), que variou 0,44% em dezembro, ap\u00f3s alta de 0,64% no m\u00eas passado. Entre as oito classes de despesa componentes do \u00edndice, cinco desaceleraram, sendo a principal contribui\u00e7\u00e3o o grupo sa\u00fade e cuidados Pessoais, cujo \u00edndice passo de 1% em novembro para 0,37%. O destaque foram os artigos de higiene e cuidado pessoal, que passou de 2,03% para -0,25%.<\/p>\n<p>Na passagem<span id=\"OBJ_PREFIX_DWT248_com_zimbra_date\" role=\"link\">\u00a0de novembro<\/span>\u00a0para dezembro, o grupo educa\u00e7\u00e3o, leitura e recrea\u00e7\u00e3o foi de 0,60% para -0,26%, transportes passou de 0,79% para 0,31%, vestu\u00e1rio foi de 0,83% para 0,67% e despesas diversas desacelerou de 0,14% para 0,08%, com destaque para passagem a\u00e9rea (2,07% para -1,71%), gasolina (1,58% para 0,18%), cal\u00e7ados (1,35% para -0,12%) e cigarros (0,01% para -0,72%).<\/p>\n<p>Pelo lado das altas e acelera\u00e7\u00f5es no \u00edndice est\u00e3o os grupos alimenta\u00e7\u00e3o (0,83% para 0,99%), comunica\u00e7\u00e3o (-0,32% para 0,48%) e habita\u00e7\u00e3o (0,37% para 0,42%). As principais influ\u00eancias dessas classes de despesa foram o arroz e feij\u00e3o (-0,82% para 3,74%), combo de telefonia, internet e tv\u00a0por assinatura (-0,32% para 0,69%) e tarifa de eletricidade residencial (0,59% para 1,27%).<\/p>\n<p>O \u00cdndice Nacional de Custo da Constru\u00e7\u00e3o (INCC) subiu 0,27% em dezembro, ante alta de 0,14% em novembro. Entre os tr\u00eas grupos componentes do INCC, materiais e equipamentos passaram de -0,35% para 0,37%, servi\u00e7os foram de 0,35% para 0,43% e m\u00e3o de obra passou de 0,53% em novembro para 0,16%.<\/p>\n","protected":false},"excerpt":{"rendered":"<p>O \u00cdndice Geral de Pre\u00e7os \u2013 Mercado (IGP-M), usado para o reajuste dos contratos de aluguel, subiu 0,45% este m\u00eas, acumulando alta de 5,45% de janeiro a dezembro de 2022.<\/p>\n","protected":false},"author":4,"featured_media":105109,"comment_status":"closed","ping_status":"closed","sticky":false,"template":"","format":"standard","meta":[],"categories":[305,27],"tags":[],"_links":{"self":[{"href":"https:\/\/diariodamanhapelotas.com.br\/site\/wp-json\/wp\/v2\/posts\/124664"}],"collection":[{"href":"https:\/\/diariodamanhapelotas.com.br\/site\/wp-json\/wp\/v2\/posts"}],"about":[{"href":"https:\/\/diariodamanhapelotas.com.br\/site\/wp-json\/wp\/v2\/types\/post"}],"author":[{"embeddable":true,"href":"https:\/\/diariodamanhapelotas.com.br\/site\/wp-json\/wp\/v2\/users\/4"}],"replies":[{"embeddable":true,"href":"https:\/\/diariodamanhapelotas.com.br\/site\/wp-json\/wp\/v2\/comments?post=124664"}],"version-history":[{"count":1,"href":"https:\/\/diariodamanhapelotas.com.br\/site\/wp-json\/wp\/v2\/posts\/124664\/revisions"}],"predecessor-version":[{"id":124665,"href":"https:\/\/diariodamanhapelotas.com.br\/site\/wp-json\/wp\/v2\/posts\/124664\/revisions\/124665"}],"wp:featuredmedia":[{"embeddable":true,"href":"https:\/\/diariodamanhapelotas.com.br\/site\/wp-json\/wp\/v2\/media\/105109"}],"wp:attachment":[{"href":"https:\/\/diariodamanhapelotas.com.br\/site\/wp-json\/wp\/v2\/media?parent=124664"}],"wp:term":[{"taxonomy":"category","embeddable":true,"href":"https:\/\/diariodamanhapelotas.com.br\/site\/wp-json\/wp\/v2\/categories?post=124664"},{"taxonomy":"post_tag","embeddable":true,"href":"https:\/\/diariodamanhapelotas.com.br\/site\/wp-json\/wp\/v2\/tags?post=124664"}],"curies":[{"name":"wp","href":"https:\/\/api.w.org\/{rel}","templated":true}]}}