{"id":124681,"date":"2023-01-02T08:16:37","date_gmt":"2023-01-02T11:16:37","guid":{"rendered":"https:\/\/diariodamanhapelotas.com.br\/site\/?p=124681"},"modified":"2023-01-02T09:41:51","modified_gmt":"2023-01-02T12:41:51","slug":"janeiro-tera-bandeira-tarifaria-verde-na-energia-eletrica-diz-aneel","status":"publish","type":"post","link":"https:\/\/diariodamanhapelotas.com.br\/site\/janeiro-tera-bandeira-tarifaria-verde-na-energia-eletrica-diz-aneel\/","title":{"rendered":"Janeiro ter\u00e1 bandeira tarif\u00e1ria verde na energia el\u00e9trica, diz Aneel"},"content":{"rendered":"<p>A Ag\u00eancia Nacional de Energia El\u00e9trica (Aneel) confirmou que a bandeira tarif\u00e1ria para o m\u00eas de janeiro ser\u00e1 verde. Dessa forma, n\u00e3o haver\u00e1 cobran\u00e7as adicionais na conta de luz. Janeiro ser\u00e1 o nono m\u00eas seguido em que a bandeira tarif\u00e1ria estar\u00e1 verde. <img src=\"https:\/\/agenciabrasil.ebc.com.br\/ebc.png?id=1500716&amp;o=node\" \/><img src=\"https:\/\/agenciabrasil.ebc.com.br\/ebc.gif?id=1500716&amp;o=node\" \/><\/p>\n<p>Segundo a Aneel, com a chegada do per\u00edodo chuvoso, melhoraram os n\u00edveis dos reservat\u00f3rios das hidroel\u00e9tricas e o custo para a gera\u00e7\u00e3o de energia est\u00e1 mais baixo. \u201cDessa forma, n\u00e3o \u00e9 necess\u00e1rio acionar empreendimentos com energia mais cara, como \u00e9 o caso das usinas termel\u00e9tricas\u201d, explicou.<\/p>\n<h2>Bandeiras tarif\u00e1rias<\/h2>\n<p>Criadas em 2015 pela Aneel, as bandeiras tarif\u00e1rias refletem os custos vari\u00e1veis da gera\u00e7\u00e3o de energia el\u00e9trica. Divididas em n\u00edveis, as bandeiras indicam quanto est\u00e1 custando para o Sistema Interligado Nacional (SIN) gerar a energia usada nas casas, em estabelecimentos comerciais e nas ind\u00fastrias.<\/p>\n<p>Quando a conta de luz \u00e9 calculada pela bandeira verde, significa que a conta n\u00e3o sofre qualquer acr\u00e9scimo. Quando s\u00e3o aplicadas as bandeiras vermelha ou amarela, a conta sofre acr\u00e9scimos, que variam de R$ 2,989 (bandeira amarela) a R$ 9,795 (bandeira vermelha patamar 2) a cada 100 quilowatts-hora (kWh) consumidos. Quando a bandeira de escassez h\u00eddrica vigorou, de setembro de 2021 a 15 de abril de\u00a02022, o consumidor pagava R$ 14,20 extras a cada 100 kWh.<\/p>\n<p>O esquema de bandeiras vale para o Sistema Interligado Nacional, que \u00e9 dividido em quatro subsistemas: Sudeste\/Centro-Oeste, Sul, Nordeste e Norte. Praticamente todo o pa\u00eds \u00e9 coberto pelo SIN. A exce\u00e7\u00e3o situa-se em algumas partes de estados da Regi\u00e3o Norte e de Mato Grosso, al\u00e9m de Roraima.<\/p>\n<p>Atualmente, h\u00e1 212 localidades isoladas do SIN, nas quais o consumo \u00e9 baixo e representa menos de 1% da carga total do pa\u00eds. A demanda por energia nessas regi\u00f5es \u00e9 suprida, principalmente, por t\u00e9rmicas a \u00f3leo diesel.<\/p>\n<p><strong>Da EBC<\/strong><\/p>\n","protected":false},"excerpt":{"rendered":"<p>A Ag\u00eancia Nacional de Energia El\u00e9trica (Aneel) confirmou que a bandeira tarif\u00e1ria para o m\u00eas de janeiro ser\u00e1 verde. Dessa forma, n\u00e3o haver\u00e1 cobran\u00e7as adicionais na conta de luz. Janeiro<\/p>\n","protected":false},"author":4,"featured_media":111926,"comment_status":"closed","ping_status":"closed","sticky":false,"template":"","format":"standard","meta":[],"categories":[305,27],"tags":[],"_links":{"self":[{"href":"https:\/\/diariodamanhapelotas.com.br\/site\/wp-json\/wp\/v2\/posts\/124681"}],"collection":[{"href":"https:\/\/diariodamanhapelotas.com.br\/site\/wp-json\/wp\/v2\/posts"}],"about":[{"href":"https:\/\/diariodamanhapelotas.com.br\/site\/wp-json\/wp\/v2\/types\/post"}],"author":[{"embeddable":true,"href":"https:\/\/diariodamanhapelotas.com.br\/site\/wp-json\/wp\/v2\/users\/4"}],"replies":[{"embeddable":true,"href":"https:\/\/diariodamanhapelotas.com.br\/site\/wp-json\/wp\/v2\/comments?post=124681"}],"version-history":[{"count":2,"href":"https:\/\/diariodamanhapelotas.com.br\/site\/wp-json\/wp\/v2\/posts\/124681\/revisions"}],"predecessor-version":[{"id":124701,"href":"https:\/\/diariodamanhapelotas.com.br\/site\/wp-json\/wp\/v2\/posts\/124681\/revisions\/124701"}],"wp:featuredmedia":[{"embeddable":true,"href":"https:\/\/diariodamanhapelotas.com.br\/site\/wp-json\/wp\/v2\/media\/111926"}],"wp:attachment":[{"href":"https:\/\/diariodamanhapelotas.com.br\/site\/wp-json\/wp\/v2\/media?parent=124681"}],"wp:term":[{"taxonomy":"category","embeddable":true,"href":"https:\/\/diariodamanhapelotas.com.br\/site\/wp-json\/wp\/v2\/categories?post=124681"},{"taxonomy":"post_tag","embeddable":true,"href":"https:\/\/diariodamanhapelotas.com.br\/site\/wp-json\/wp\/v2\/tags?post=124681"}],"curies":[{"name":"wp","href":"https:\/\/api.w.org\/{rel}","templated":true}]}}