{"id":124760,"date":"2023-01-04T09:11:47","date_gmt":"2023-01-04T12:11:47","guid":{"rendered":"https:\/\/diariodamanhapelotas.com.br\/site\/?p=124760"},"modified":"2023-01-04T09:11:47","modified_gmt":"2023-01-04T12:11:47","slug":"final-de-semana-tem-oficina-de-skate-aulao-de-ritmos-e-o-incrivel-hulk-na-praia-do-laranjal","status":"publish","type":"post","link":"https:\/\/diariodamanhapelotas.com.br\/site\/final-de-semana-tem-oficina-de-skate-aulao-de-ritmos-e-o-incrivel-hulk-na-praia-do-laranjal\/","title":{"rendered":"Final de semana tem oficina de skate, aul\u00e3o de ritmos e o Incr\u00edvel Hulk na praia do Laranjal"},"content":{"rendered":"<p dir=\"ltr\"><span data-ogsc=\"rgb(0, 0, 0)\">Nesta semana, a <\/span><span data-ogsc=\"rgb(0, 0, 0)\">Casa de Praia Sesc<\/span><span data-ogsc=\"rgb(0, 0, 0)\"> voltou a ser aberta na praia do <\/span><span data-ogsc=\"rgb(0, 0, 0)\">Laranjal<\/span><span data-ogsc=\"rgb(0, 0, 0)\">, em Pelotas. Ao longo de janeiro e fevereiro, o espa\u00e7o, que funciona em parceria com a Prefeitura Municipal na Avenida Ant\u00f4nio Augusto Assump\u00e7\u00e3o, vai oferecer empr\u00e9stimo gratuito de guarda-sol, materiais esportivos, erva mate Yacui e \u00e1gua para chimarr\u00e3o das 8h30 \u00e0s 18h30h, de ter\u00e7a a domingo. Atrav\u00e9s do projeto <\/span><span data-ogsc=\"rgb(0, 0, 0)\">Esta\u00e7\u00e3o Ver\u00e3o<\/span><span data-ogsc=\"rgb(0, 0, 0)\">, ter\u00e1, a partir das 9h da manh\u00e3, jogos de c\u00e2mbio nas ter\u00e7as e quintas-feiras, treinamento funcional \u00e0s 9h30 nas quartas e sextas-feiras, e caminhadas \u00e0s 10h, aos s\u00e1bados.\u00a0 Nos finais de tarde, a partir das 8h30 e 17h, as atra\u00e7\u00f5es s\u00e3o os aul\u00f5es de ritmos, com sorteios de camisetas.<\/span><\/p>\n<p dir=\"ltr\"><span data-ogsc=\"rgb(0, 0, 0)\">Al\u00e9m da programa\u00e7\u00e3o sistem\u00e1tica, a Casa de Praia Sesc prepara atividades especiais para a comunidade aos finais de semana. Neste primeiro final de semana, o destaque \u00e9 para o in\u00edcio das <\/span><span data-ogsc=\"rgb(0, 0, 0)\">oficinas gratuitas de skate<\/span><span data-ogsc=\"rgb(0, 0, 0)\">, que iniciam na sexta-feira, dia 6, e seguem, diariamente, at\u00e9 o dia 16 de janeiro. As atividades ser\u00e3o desenvolvidas ao lado da Casa, no cal\u00e7ad\u00e3o, e os interessados ter\u00e3o skate e capacete de prote\u00e7\u00e3o dispon\u00edveis para empr\u00e9stimo. A oficina ser\u00e1 desenvolvida ao longo de todo o dia, das 9h \u00e0s 11h30 e das 14h \u00e0s 18h, e j\u00e1 \u00e9 projetado um campeonato de skate, para avalia\u00e7\u00e3o das melhores manobras, na tarde do dia 15 de janeiro.<\/span><\/p>\n<p dir=\"ltr\"><span data-ogsc=\"rgb(0, 0, 0)\"><img loading=\"lazy\" class=\"alignleft size-medium wp-image-83608\" src=\"https:\/\/diariodamanhapelotas.com.br\/site\/wp-content\/uploads\/2019\/01\/quiosque-laranjal-02-300x199.jpg\" alt=\"\" width=\"300\" height=\"199\" srcset=\"https:\/\/diariodamanhapelotas.com.br\/site\/wp-content\/uploads\/2019\/01\/quiosque-laranjal-02-300x199.jpg 300w, https:\/\/diariodamanhapelotas.com.br\/site\/wp-content\/uploads\/2019\/01\/quiosque-laranjal-02-150x99.jpg 150w, https:\/\/diariodamanhapelotas.com.br\/site\/wp-content\/uploads\/2019\/01\/quiosque-laranjal-02.jpg 800w\" sizes=\"(max-width: 300px) 100vw, 300px\" \/>O incentivo ao esporte e a h\u00e1bitos saud\u00e1veis \u00e9 parte intr\u00ednseca da programa\u00e7\u00e3o. Ser\u00e3o atra\u00e7\u00f5es do primeiro final de semana do Esta\u00e7\u00e3o Ver\u00e3o no Laranjal <\/span><span data-ogsc=\"rgb(0, 0, 0)\">aul\u00f5es de ritmos<\/span><span data-ogsc=\"rgb(0, 0, 0)\"> no s\u00e1bado e no domingo, dias 7 e 8, \u00e0s 8h30 e \u00e0s 17h. Al\u00e9m delas, no s\u00e1bado, a partir das 9h30, ser\u00e1 promovida uma <\/span><span data-ogsc=\"rgb(0, 0, 0)\">caminhada em parceria com os Supermercados Para\u00edso<\/span><span data-ogsc=\"rgb(0, 0, 0)\">, num percurso de 2,8 km, com sa\u00edda da Casa de Praia Sesc. No fim da tarde, \u00e0s 18h30, tem apresenta\u00e7\u00e3o musical da cantora Xana Gallo. Para a alegria da crian\u00e7ada, o super-her\u00f3i <\/span><span data-ogsc=\"rgb(0, 0, 0)\">Incr\u00edvel Hulk<\/span><span data-ogsc=\"rgb(0, 0, 0)\"> tamb\u00e9m \u00e9 atra\u00e7\u00e3o e marcar\u00e1 presen\u00e7a na Casa de Praia Sesc no domingo, dia 8, das 15h \u00e0s 16h30, para fotos e brincadeiras com os pequenos. O Esta\u00e7\u00e3o Ver\u00e3o 2023 no Laranjal conta com o apoio de Unimed, Supermercados Para\u00edso, Erva Mate Yacui e Osirnet. Mais informa\u00e7\u00f5es podem ser obtidas no site <\/span><a href=\"https:\/\/www.sesc-rs.com.br\/estacaoverao\/\" target=\"_blank\" rel=\"noopener noreferrer\" data-auth=\"NotApplicable\" data-ogsc=\"\" data-linkindex=\"1\">www.sesc-rs.com.br\/estacaoverao<\/a><span data-ogsc=\"rgb(0, 0, 0)\">, pelo telefone (53) 3225-6093 ou atrav\u00e9s do WhatsApp (53) 99131-3176.\u00a0<\/span><\/p>\n<p dir=\"ltr\"><span data-ogsc=\"rgb(0, 0, 0)\">H\u00e1 77 anos, o Sistema Fecom\u00e9rcio-RS\/Sesc\/Senac est\u00e1 pr\u00f3ximo da comunidade e das empresas ga\u00fachas em prol do desenvolvimento, da felicidade e da mudan\u00e7a. Em 2022, a atua\u00e7\u00e3o em rede \u00e9 o foco principal, oportunizando mais acesso aos servi\u00e7os do Sesc e Senac como cultura, esporte, sa\u00fade, lazer, assist\u00eancia e educa\u00e7\u00e3o. Al\u00e9m disso, com o apoio dos sindicatos empresariais filiados, a Fecom\u00e9rcio-RS oferece a\u00e7\u00f5es que incentivam o empreendedorismo e o crescimento dos neg\u00f3cios do setor terci\u00e1rio.<\/span><\/p>\n<p dir=\"ltr\"><strong>Esta\u00e7\u00e3o Ver\u00e3o 2023 &#8211; Praia do Laranjal<\/strong><\/p>\n<p dir=\"ltr\"><span data-ogsc=\"rgb(0, 0, 0)\">Data: <\/span><span data-ogsc=\"rgb(0, 0, 0)\">06\/01 a 26\/02\/2023<\/span><\/p>\n<p dir=\"ltr\"><span data-ogsc=\"rgb(0, 0, 0)\">Local:<\/span><span data-ogsc=\"rgb(0, 0, 0)\"> Casa de Praia Sesc (Avenida Ant\u00f4nio Augusto Assump\u00e7\u00e3o)<\/span><\/p>\n<p dir=\"ltr\"><strong>Programa\u00e7\u00e3o sistem\u00e1tica:<\/strong><\/p>\n<ul>\n<li dir=\"ltr\"><span data-ogsc=\"rgb(0, 0, 0)\">9h00 \u2013 C\u00e2mbio (ter\u00e7as e quintas), Treinamento Funcional (quartas e sextas), Caminhada (s\u00e1bados)<\/span><\/li>\n<li dir=\"ltr\"><span data-ogsc=\"rgb(0, 0, 0)\">9h30 \u2013 Aul\u00e3o de ritmos com sorteio de camisetas<\/span><\/li>\n<li dir=\"ltr\"><span data-ogsc=\"rgb(0, 0, 0)\">8h30 \u2013 C\u00e2mbio (ter\u00e7as e quintas), Treinamento Funcional (quartas e sextas), Caminhada (s\u00e1bados)<\/span><\/li>\n<li dir=\"ltr\"><span data-ogsc=\"rgb(0, 0, 0)\">9h \u00e0s 18h Oficinas de SKATE (s\u00e1bados e domingos)<\/span><\/li>\n<li dir=\"ltr\"><span data-ogsc=\"rgb(0, 0, 0)\">09h \u00e0s 19h: Empr\u00e9stimo gratuito de guarda sol, material esportivo, jornais e revistas<\/span><\/li>\n<li dir=\"ltr\"><span data-ogsc=\"rgb(0, 0, 0)\">17h30 \u2013 Aul\u00e3o de Ritmos com sorteio de camisetas (ter\u00e7as, quintas e s\u00e1bados), Treinamento funcional (quartas e sextas)<\/span><\/li>\n<li dir=\"ltr\"><span data-ogsc=\"rgb(0, 0, 0)\">Agenda especial do final de semana (6, 7 e 8\/1):<\/span><\/li>\n<li dir=\"ltr\"><span data-ogsc=\"rgb(0, 0, 0)\">A partir de 6\/1, das 9h \u00e0s 11h30 e das 14h \u00e0s 18h &#8211; oficinas gratuitas de skate<\/span><\/li>\n<li dir=\"ltr\"><span data-ogsc=\"rgb(0, 0, 0)\">Dias 7 e 8\/1 &#8211; 8h30 e 17h &#8211; aul\u00f5es de ritmos<\/span><\/li>\n<li dir=\"ltr\"><span data-ogsc=\"rgb(0, 0, 0)\">Dia 7\/1, 9h30 &#8211; caminhada em parceria com os Supermercados Para\u00edso<\/span><\/li>\n<li dir=\"ltr\"><span data-ogsc=\"rgb(0, 0, 0)\">Dia 7\/1, 18h30 &#8211; apresenta\u00e7\u00e3o musical com a a cantora Xana Gallo<\/span><\/li>\n<li dir=\"ltr\"><span data-ogsc=\"rgb(0, 0, 0)\">Dia 8\/1, das 15h \u00e0s 16h30 &#8211; presen\u00e7a do Incr\u00edvel Hulk<\/span><\/li>\n<li dir=\"ltr\"><span data-ogsc=\"rgb(0, 0, 0)\">Informa\u00e7\u00f5es<\/span><span data-ogsc=\"rgb(0, 0, 0)\">: no site <\/span><a href=\"https:\/\/www.sesc-rs.com.br\/estacaoverao\/\" target=\"_blank\" rel=\"noopener noreferrer\" data-auth=\"NotApplicable\" data-ogsc=\"\" data-linkindex=\"2\">https:\/\/www.sesc-rs.com.br\/estacaoverao\/<\/a><span data-ogsc=\"rgb(0, 0, 0)\">, pelo telefone (53) 3225-6093 ou atrav\u00e9s do WhatsApp (53) 99131-3176 <\/span><\/li>\n<\/ul>\n","protected":false},"excerpt":{"rendered":"<p>Nesta semana, a Casa de Praia Sesc voltou a ser aberta na praia do Laranjal, em Pelotas. Ao longo de janeiro e fevereiro, o espa\u00e7o, que funciona em parceria com<\/p>\n","protected":false},"author":4,"featured_media":84550,"comment_status":"closed","ping_status":"closed","sticky":false,"template":"","format":"standard","meta":[],"categories":[305,32],"tags":[],"_links":{"self":[{"href":"https:\/\/diariodamanhapelotas.com.br\/site\/wp-json\/wp\/v2\/posts\/124760"}],"collection":[{"href":"https:\/\/diariodamanhapelotas.com.br\/site\/wp-json\/wp\/v2\/posts"}],"about":[{"href":"https:\/\/diariodamanhapelotas.com.br\/site\/wp-json\/wp\/v2\/types\/post"}],"author":[{"embeddable":true,"href":"https:\/\/diariodamanhapelotas.com.br\/site\/wp-json\/wp\/v2\/users\/4"}],"replies":[{"embeddable":true,"href":"https:\/\/diariodamanhapelotas.com.br\/site\/wp-json\/wp\/v2\/comments?post=124760"}],"version-history":[{"count":1,"href":"https:\/\/diariodamanhapelotas.com.br\/site\/wp-json\/wp\/v2\/posts\/124760\/revisions"}],"predecessor-version":[{"id":124762,"href":"https:\/\/diariodamanhapelotas.com.br\/site\/wp-json\/wp\/v2\/posts\/124760\/revisions\/124762"}],"wp:featuredmedia":[{"embeddable":true,"href":"https:\/\/diariodamanhapelotas.com.br\/site\/wp-json\/wp\/v2\/media\/84550"}],"wp:attachment":[{"href":"https:\/\/diariodamanhapelotas.com.br\/site\/wp-json\/wp\/v2\/media?parent=124760"}],"wp:term":[{"taxonomy":"category","embeddable":true,"href":"https:\/\/diariodamanhapelotas.com.br\/site\/wp-json\/wp\/v2\/categories?post=124760"},{"taxonomy":"post_tag","embeddable":true,"href":"https:\/\/diariodamanhapelotas.com.br\/site\/wp-json\/wp\/v2\/tags?post=124760"}],"curies":[{"name":"wp","href":"https:\/\/api.w.org\/{rel}","templated":true}]}}