{"id":124799,"date":"2023-01-05T17:55:01","date_gmt":"2023-01-05T20:55:01","guid":{"rendered":"https:\/\/diariodamanhapelotas.com.br\/site\/?p=124799"},"modified":"2023-01-05T17:55:01","modified_gmt":"2023-01-05T20:55:01","slug":"pelotas-registra-mais-de-72-mil-pessoas-que-nao-tomaram-as-doses-de-reforco-contra-covid-19","status":"publish","type":"post","link":"https:\/\/diariodamanhapelotas.com.br\/site\/pelotas-registra-mais-de-72-mil-pessoas-que-nao-tomaram-as-doses-de-reforco-contra-covid-19\/","title":{"rendered":"Pelotas registra mais de 72 mil pessoas que n\u00e3o tomaram as doses de refor\u00e7o contra Covid-19"},"content":{"rendered":"<h3 style=\"text-align: center;\"><em><strong>Dos pacientes internados com Covid, 67% est\u00e3o com vacinas atrasadas<\/strong><\/em><\/h3>\n<p>Mais de 72 mil pessoas n\u00e3o tomaram as doses de refor\u00e7o da vacina contra a Covid em Pelotas, segundo a Secretaria Municipal de Sa\u00fade (SMS). Esse n\u00famero preocupa os t\u00e9cnicos da SMS, j\u00e1 que entre os pacientes hospitalizados 67% deles est\u00e3o com a imuniza\u00e7\u00e3o atrasada.<\/p>\n<p>\u201cEsse indicador mostra que a medida mais efetiva para o controle do avan\u00e7o dos casos \u00e9 a vacina\u00e7\u00e3o, com especial aten\u00e7\u00e3o \u00e0s doses de refor\u00e7o\u201d, afirma a diretora da Vigil\u00e2ncia em Sa\u00fade, Aline Machado.<\/p>\n<p>A diretora ressalta que a prefeitura tem mantido ampla oferta de vacinas e que todas as Unidades B\u00e1sicas de Sa\u00fade oferecem aplica\u00e7\u00f5es em dois turnos de segunda at\u00e9 sexta-feira at\u00e9 as 17h. J\u00e1 o Ambulat\u00f3rio do Campus da Sa\u00fade da Universidade Cat\u00f3lica de Pelotas (Av. Fernando Os\u00f3rio, 1586) hor\u00e1rio \u00e9 estendido at\u00e9 as 20h, diariamente. Al\u00e9m disso, o Munic\u00edpio mant\u00e9m o Trailer da Vacina, que semanalmente percorre os bairros.<\/p>\n<h4 style=\"text-align: center;\"><strong>Curva crescente deixa autoridades em alerta<\/strong><\/h4>\n<p>Os dados da SMS mostram que de novembro a dezembro do ano passado foram registrados 701 novos casos na cidade, enquanto de dezembro at\u00e9 o dia 4 de janeiro o n\u00famero de pessoas doentes chegou a 3.958.<\/p>\n<p>\u201cEstamos em constante monitoramento dos leitos hospitalares de pacientes Covid positivos, bem como os casos nas Institui\u00e7\u00f5es de Longa Perman\u00eancia para Idosos (ILPIS), principalmente nessas pessoas que t\u00eam potenciais agravamentos com fatores de risco para complica\u00e7\u00e3o da Covid\u201d, explica Aline.<\/p>\n<h4 style=\"text-align: center;\"><strong>Orienta\u00e7\u00f5es para evitar o avan\u00e7o da Covid<\/strong><\/h4>\n<p>&#8211; Completar o esquema vacinal, em especial para as doses de refor\u00e7o<\/p>\n<p>&#8211; Em caso de sintomas, realizar a testagem<\/p>\n<p>&#8211; Casos sintom\u00e1ticos e assintom\u00e1ticos devem cumprir isolamento de 7 dias ap\u00f3s o in\u00edcio dos sintomas ou da data de realiza\u00e7\u00e3o do teste, al\u00e9m de manter as medidas de seguran\u00e7a at\u00e9 10 dias do in\u00edcio dos sintomas\/data do teste<\/p>\n<p>&#8211; Quem teve contato com algu\u00e9m que positivou deve manter as medidas de seguran\u00e7a por 10 dias a contar da data da \u00faltima exposi\u00e7\u00e3o com o caso confirmado: utilizar m\u00e1scara facial em casa e em p\u00fablico, auto monitorar os sinais e sintomas sugestivos de Covid-19, evitar contato com pessoas que possuem fator de risco (idosos, imunossuprimidos e pessoas com m\u00faltiplas comorbidades), manter dist\u00e2ncia m\u00ednima de 1 metro das outras pessoas se estiver sem m\u00e1scara, evitar frequentar locais onde a m\u00e1scara n\u00e3o possa ser utilizada durante todo o tempo (como restaurantes e bares) e evitar se alimentar pr\u00f3ximo a outras pessoas. Caso o indiv\u00edduo apresente sinais e sintomas sugestivos de Covid-19, deve iniciar o isolamento imediatamente<\/p>\n<p>&#8211; Pessoas sintom\u00e1ticas respirat\u00f3rias e em situa\u00e7\u00f5es de maior risco de contamina\u00e7\u00e3o pela Covid-19, como locais fechados e mal ventilados, locais com aglomera\u00e7\u00e3o e servi\u00e7os de sa\u00fade devem utilizar m\u00e1scaras.<\/p>\n<p>&#8211; Higienizar as m\u00e3os frequentemente, com \u00e1lcool 70% ou \u00e1gua e sab\u00e3o.<\/p>\n<h4 style=\"text-align: center;\"><strong>Onde encontrar a vacina<\/strong><\/h4>\n<p><strong>De segunda a sexta-feira:<\/strong><\/p>\n<p>&#8211; Todas as Unidades B\u00e1sicas de Sa\u00fade (UBSs), das 8h30min \u00e0s 11h e das 13h30min \u00e0s 16h &#8211; exceto as Unidades da Balsa e do Jardim de Allah, que funcionam somente at\u00e9 as 13h30min<\/p>\n<p>&#8211; Bancas 16 e 17, Mercado Central: das 8 \u00e0s 17h<\/p>\n<p>&#8211; Ambulat\u00f3rio da Universidade Cat\u00f3lica de Pelotas: das 8 \u00e0s 20h &#8211; Av. Fernando Os\u00f3rio 1586<\/p>\n<p>&#8211; Trailer da Vacina: das 10 \u00e0s 15h, nos bairros, conforme o cronograma semanal<\/p>\n<p style=\"text-align: left;\"><strong>Aos s\u00e1bados:<\/strong><\/p>\n<p>&#8211; Bancas 16 e 17, Mercado Central: das 8h30min \u00e0s 12h30min<\/p>\n","protected":false},"excerpt":{"rendered":"<p>Dos pacientes internados com Covid, 67% est\u00e3o com vacinas atrasadas Mais de 72 mil pessoas n\u00e3o tomaram as doses de refor\u00e7o da vacina contra a Covid em Pelotas, segundo a<\/p>\n","protected":false},"author":3,"featured_media":118784,"comment_status":"closed","ping_status":"closed","sticky":false,"template":"","format":"standard","meta":[],"categories":[305,150],"tags":[],"_links":{"self":[{"href":"https:\/\/diariodamanhapelotas.com.br\/site\/wp-json\/wp\/v2\/posts\/124799"}],"collection":[{"href":"https:\/\/diariodamanhapelotas.com.br\/site\/wp-json\/wp\/v2\/posts"}],"about":[{"href":"https:\/\/diariodamanhapelotas.com.br\/site\/wp-json\/wp\/v2\/types\/post"}],"author":[{"embeddable":true,"href":"https:\/\/diariodamanhapelotas.com.br\/site\/wp-json\/wp\/v2\/users\/3"}],"replies":[{"embeddable":true,"href":"https:\/\/diariodamanhapelotas.com.br\/site\/wp-json\/wp\/v2\/comments?post=124799"}],"version-history":[{"count":1,"href":"https:\/\/diariodamanhapelotas.com.br\/site\/wp-json\/wp\/v2\/posts\/124799\/revisions"}],"predecessor-version":[{"id":124801,"href":"https:\/\/diariodamanhapelotas.com.br\/site\/wp-json\/wp\/v2\/posts\/124799\/revisions\/124801"}],"wp:featuredmedia":[{"embeddable":true,"href":"https:\/\/diariodamanhapelotas.com.br\/site\/wp-json\/wp\/v2\/media\/118784"}],"wp:attachment":[{"href":"https:\/\/diariodamanhapelotas.com.br\/site\/wp-json\/wp\/v2\/media?parent=124799"}],"wp:term":[{"taxonomy":"category","embeddable":true,"href":"https:\/\/diariodamanhapelotas.com.br\/site\/wp-json\/wp\/v2\/categories?post=124799"},{"taxonomy":"post_tag","embeddable":true,"href":"https:\/\/diariodamanhapelotas.com.br\/site\/wp-json\/wp\/v2\/tags?post=124799"}],"curies":[{"name":"wp","href":"https:\/\/api.w.org\/{rel}","templated":true}]}}