{"id":130023,"date":"2023-08-22T13:30:15","date_gmt":"2023-08-22T16:30:15","guid":{"rendered":"https:\/\/diariodamanhapelotas.com.br\/site\/?p=130023"},"modified":"2023-08-22T13:30:37","modified_gmt":"2023-08-22T16:30:37","slug":"role-daora-e-apresentado-a-forcas-de-seguranca","status":"publish","type":"post","link":"https:\/\/diariodamanhapelotas.com.br\/site\/role-daora-e-apresentado-a-forcas-de-seguranca\/","title":{"rendered":"Rol\u00ea Daora \u00e9 apresentado a for\u00e7as de seguran\u00e7a"},"content":{"rendered":"<h3 style=\"text-align: center;\"><em>Prefeita Paula detalhou as propostas que ser\u00e3o implementadas a partir do Programa de Conviv\u00eancia Urbana institu\u00eddo pelo Munic\u00edpio<\/em><\/h3>\n<p>As propostas da\u00a0campanha Rol\u00ea Daora, criada pela\u00a0Prefeitura de Pelotas, foram apresentadas, nesta segunda-feira (21) \u00e0s\u00a0for\u00e7as de seguran\u00e7a. A prefeita\u00a0Paula Mascarenhas\u00a0detalhou a iniciativa que busca se\u00a0comunicar com os jovens\u00a0a partir de a\u00e7\u00f5es de\u00a0conscientiza\u00e7\u00e3o\u00a0de que \u00e9 poss\u00edvel se divertir com respeito aos limites e, com isso, evitar a\u00a0perturba\u00e7\u00e3o do sossego p\u00fablico.<\/p>\n<p>A chefe do Executivo abriu a reuni\u00e3o de trabalho com os integrantes das Opera\u00e7\u00f5es Integradas destacando as recentes conquistas de espa\u00e7os e reconhecimento pelos resultados obtidos no segmento da seguran\u00e7a p\u00fablica. Reiterou que a notoriedade, inclusive, fora do pa\u00eds, do Pacto Pelotas pela Paz e das Opera\u00e7\u00f5es Integradas \u00e9 fruto do envolvimento de todas as for\u00e7as. Paula lembrou que de todos os eixos abarcados pelo Pacto, ainda faltavam estrat\u00e9gias para coibir a quest\u00e3o da perturba\u00e7\u00e3o do sossego. Na sequ\u00eancia apresentou a proposta do Programa de Conviv\u00eancia Urbana e a campanha de engajamento Rol\u00ea Daora.<\/p>\n<p><img loading=\"lazy\" class=\" wp-image-130024 aligncenter\" src=\"https:\/\/diariodamanhapelotas.com.br\/site\/wp-content\/uploads\/2023\/08\/pacto-role-da-hora-seguranca.jpg\" alt=\"\" width=\"679\" height=\"453\" srcset=\"https:\/\/diariodamanhapelotas.com.br\/site\/wp-content\/uploads\/2023\/08\/pacto-role-da-hora-seguranca.jpg 799w, https:\/\/diariodamanhapelotas.com.br\/site\/wp-content\/uploads\/2023\/08\/pacto-role-da-hora-seguranca-300x200.jpg 300w, https:\/\/diariodamanhapelotas.com.br\/site\/wp-content\/uploads\/2023\/08\/pacto-role-da-hora-seguranca-150x100.jpg 150w, https:\/\/diariodamanhapelotas.com.br\/site\/wp-content\/uploads\/2023\/08\/pacto-role-da-hora-seguranca-768x512.jpg 768w\" sizes=\"(max-width: 679px) 100vw, 679px\" \/><\/p>\n<p>&#8220;A gente fez uma \u00faltima reuni\u00e3o coletiva para falar do conceito do Programa de Conviv\u00eancia Urbana, toda ideia que est\u00e1 por traz que esta constru\u00e7\u00e3o de uma cidade mais equilibrada, inclusiva, harm\u00f4nica, respeitosa que permita que os interesses de todas as camadas da sociedade convivam com respeito. Para que todos compreendam essa mensagem h\u00e1 um comprometimento de todas as corpora\u00e7\u00f5es nessa miss\u00e3o que \u00e9 uma iniciativa ousada, inovadora na qual estamos depositando muita expectativa&#8221;, observou a prefeita.<\/p>\n<p>Participaram do evento os comandantes e representas da Brigada Militar, Bombeiros Militar, 5\u00ba BPChoque, Pol\u00edcia Civil, Guarda Municipal, Agentes de Tr\u00e2nsito, Vigil\u00e2ncia Sanit\u00e1ria, al\u00e9m dos secret\u00e1rios municipais de Seguran\u00e7a, Jos\u00e9 Dourado; de Tr\u00e2nsito, Fl\u00e1vio Al-Alam; de Gest\u00e3o da Cidade e Mobilidade Urbana, Carmem Roig e assessora especial do Pacto Pelotas pela Paz, Aline Crochemore, al\u00e9m demais profissionais.<\/p>\n<h4 style=\"text-align: center;\"><strong>O Rol\u00ea Daora<\/strong><\/h4>\n<p>A campanha idealizada pela prefeitura busca instituir um movimento de conscientiza\u00e7\u00e3o e compartilhamento de responsabilidades junto aos jovens para que o direito \u00e0 divers\u00e3o, alegria, encontros, em bares e estabelecimentos noturnos, possa ocorrer dentro do respeito aos limites. Dentre as a\u00e7\u00f5es do Rol\u00ea Daora est\u00e3o a divulga\u00e7\u00e3o das restri\u00e7\u00f5es estabelecidas pelo decreto de regulamenta\u00e7\u00e3o da Lei n\u00ba 7.199, do sossego p\u00fablico. A grande aposta est\u00e1 no engajamento do p\u00fablico.<\/p>\n<p>Ainda previstas a\u00e7\u00f5es como a instala\u00e7\u00e3o de ilumina\u00e7\u00e3o em LED nas ruas pr\u00f3ximas aos pontos de aglomera\u00e7\u00f5es e mutir\u00e3o de limpeza das vias a partir do t\u00e9rmino do hor\u00e1rio previsto pelo decreto.<\/p>\n<p><a href=\"https:\/\/www.pelotas.com.br\/noticia\/prefeitura-lanca-movimento-role-daora\" target=\"_blank\" rel=\"noopener noreferrer\"><strong>Veja outras informa\u00e7\u00f5es sobre as restri\u00e7\u00f5es do Decreto.<\/strong><\/a><\/p>\n<p>&nbsp;<\/p>\n<p><em>Fotos: Rodrigo Chagas<\/em><\/p>\n","protected":false},"excerpt":{"rendered":"<p>Prefeita Paula detalhou as propostas que ser\u00e3o implementadas a partir do Programa de Conviv\u00eancia Urbana institu\u00eddo pelo Munic\u00edpio As propostas da\u00a0campanha Rol\u00ea Daora, criada pela\u00a0Prefeitura de Pelotas, foram apresentadas, nesta<\/p>\n","protected":false},"author":3,"featured_media":130025,"comment_status":"closed","ping_status":"closed","sticky":false,"template":"","format":"standard","meta":[],"categories":[33],"tags":[],"_links":{"self":[{"href":"https:\/\/diariodamanhapelotas.com.br\/site\/wp-json\/wp\/v2\/posts\/130023"}],"collection":[{"href":"https:\/\/diariodamanhapelotas.com.br\/site\/wp-json\/wp\/v2\/posts"}],"about":[{"href":"https:\/\/diariodamanhapelotas.com.br\/site\/wp-json\/wp\/v2\/types\/post"}],"author":[{"embeddable":true,"href":"https:\/\/diariodamanhapelotas.com.br\/site\/wp-json\/wp\/v2\/users\/3"}],"replies":[{"embeddable":true,"href":"https:\/\/diariodamanhapelotas.com.br\/site\/wp-json\/wp\/v2\/comments?post=130023"}],"version-history":[{"count":1,"href":"https:\/\/diariodamanhapelotas.com.br\/site\/wp-json\/wp\/v2\/posts\/130023\/revisions"}],"predecessor-version":[{"id":130026,"href":"https:\/\/diariodamanhapelotas.com.br\/site\/wp-json\/wp\/v2\/posts\/130023\/revisions\/130026"}],"wp:featuredmedia":[{"embeddable":true,"href":"https:\/\/diariodamanhapelotas.com.br\/site\/wp-json\/wp\/v2\/media\/130025"}],"wp:attachment":[{"href":"https:\/\/diariodamanhapelotas.com.br\/site\/wp-json\/wp\/v2\/media?parent=130023"}],"wp:term":[{"taxonomy":"category","embeddable":true,"href":"https:\/\/diariodamanhapelotas.com.br\/site\/wp-json\/wp\/v2\/categories?post=130023"},{"taxonomy":"post_tag","embeddable":true,"href":"https:\/\/diariodamanhapelotas.com.br\/site\/wp-json\/wp\/v2\/tags?post=130023"}],"curies":[{"name":"wp","href":"https:\/\/api.w.org\/{rel}","templated":true}]}}