{"id":130027,"date":"2023-08-23T08:34:23","date_gmt":"2023-08-23T11:34:23","guid":{"rendered":"https:\/\/diariodamanhapelotas.com.br\/site\/?p=130027"},"modified":"2023-08-23T08:34:23","modified_gmt":"2023-08-23T11:34:23","slug":"4-bpm-realiza-mais-uma-edicao-do-plano-tatico-operacional-da-bm","status":"publish","type":"post","link":"https:\/\/diariodamanhapelotas.com.br\/site\/4-bpm-realiza-mais-uma-edicao-do-plano-tatico-operacional-da-bm\/","title":{"rendered":"4\u00b0 BPM realiza mais uma edi\u00e7\u00e3o do Plano T\u00e1tico Operacional da BM"},"content":{"rendered":"<h3 style=\"text-align: center;\"><em>No mesmo dia, homem com extensa ficha criminal foi preso em Pelotas<\/em><\/h3>\n<p>Nesta quinta-feira (22\/08), o 4\u00b0 BPM intensificou suas a\u00e7\u00f5es ostensivas com objetivo de reduzir os \u00edndices criminais em Pelotas, Cangu\u00e7u, Arroio do Padre, Morro Redondo, Cap\u00e3o do Le\u00e3o, Piratini, Pinheiro Machado, Pedro Os\u00f3rio e Cerrito.<\/p>\n<p>Durante a opera\u00e7\u00e3o foram realizadas visitas comerciais e comunit\u00e1rias, al\u00e9m de abordagens qualitativas e barreiras em diversos locais dos munic\u00edpios.<\/p>\n<p>A opera\u00e7\u00e3o foi conclu\u00edda com 80 pessoas abordadas, 72 ve\u00edculos fiscalizados, 32 estabelecimentos comerciais fiscalizados e 08 (oito) pris\u00f5es, 01 (uma) apreens\u00e3o, 02 (duas) armas de fogo apreendidas.<\/p>\n<p><img loading=\"lazy\" class=\" wp-image-130028 aligncenter\" src=\"https:\/\/diariodamanhapelotas.com.br\/site\/wp-content\/uploads\/2023\/08\/brigada-operacao-blitz.jpg\" alt=\"\" width=\"679\" height=\"392\" srcset=\"https:\/\/diariodamanhapelotas.com.br\/site\/wp-content\/uploads\/2023\/08\/brigada-operacao-blitz.jpg 800w, https:\/\/diariodamanhapelotas.com.br\/site\/wp-content\/uploads\/2023\/08\/brigada-operacao-blitz-300x173.jpg 300w, https:\/\/diariodamanhapelotas.com.br\/site\/wp-content\/uploads\/2023\/08\/brigada-operacao-blitz-150x87.jpg 150w, https:\/\/diariodamanhapelotas.com.br\/site\/wp-content\/uploads\/2023\/08\/brigada-operacao-blitz-768x444.jpg 768w\" sizes=\"(max-width: 679px) 100vw, 679px\" \/><\/p>\n<h4 style=\"text-align: center;\"><strong>BM realiza pris\u00e3o de foragido com extensa ficha criminal em Pelotas<\/strong><\/h4>\n<p>Na noite desta ter\u00e7a (22\/08), os policiais do 4\u00b0 BPM durante patrulhamento ostensivo no bairro Balne\u00e1rio dos Prazeres realizaram a pris\u00e3o de um homem, de 37 anos, com antecedentes criminais por furto arrombamento a resid\u00eancia, recepta\u00e7\u00e3o, roubo com les\u00f5es, roubo a estabelecimento comercial, roubo qualificado, homic\u00eddio doloso, porte ilegal de arma de fogo, forma\u00e7\u00e3o de quadrilha e tr\u00e1fico de drogas.<\/p>\n<p>O homem, com extensa ficha criminal foi encaminhado \u00e0 Delegacia de Pol\u00edcia para os devidos registros.<\/p>\n","protected":false},"excerpt":{"rendered":"<p>No mesmo dia, homem com extensa ficha criminal foi preso em Pelotas Nesta quinta-feira (22\/08), o 4\u00b0 BPM intensificou suas a\u00e7\u00f5es ostensivas com objetivo de reduzir os \u00edndices criminais em<\/p>\n","protected":false},"author":3,"featured_media":130029,"comment_status":"closed","ping_status":"closed","sticky":false,"template":"","format":"standard","meta":[],"categories":[305,33],"tags":[],"_links":{"self":[{"href":"https:\/\/diariodamanhapelotas.com.br\/site\/wp-json\/wp\/v2\/posts\/130027"}],"collection":[{"href":"https:\/\/diariodamanhapelotas.com.br\/site\/wp-json\/wp\/v2\/posts"}],"about":[{"href":"https:\/\/diariodamanhapelotas.com.br\/site\/wp-json\/wp\/v2\/types\/post"}],"author":[{"embeddable":true,"href":"https:\/\/diariodamanhapelotas.com.br\/site\/wp-json\/wp\/v2\/users\/3"}],"replies":[{"embeddable":true,"href":"https:\/\/diariodamanhapelotas.com.br\/site\/wp-json\/wp\/v2\/comments?post=130027"}],"version-history":[{"count":1,"href":"https:\/\/diariodamanhapelotas.com.br\/site\/wp-json\/wp\/v2\/posts\/130027\/revisions"}],"predecessor-version":[{"id":130030,"href":"https:\/\/diariodamanhapelotas.com.br\/site\/wp-json\/wp\/v2\/posts\/130027\/revisions\/130030"}],"wp:featuredmedia":[{"embeddable":true,"href":"https:\/\/diariodamanhapelotas.com.br\/site\/wp-json\/wp\/v2\/media\/130029"}],"wp:attachment":[{"href":"https:\/\/diariodamanhapelotas.com.br\/site\/wp-json\/wp\/v2\/media?parent=130027"}],"wp:term":[{"taxonomy":"category","embeddable":true,"href":"https:\/\/diariodamanhapelotas.com.br\/site\/wp-json\/wp\/v2\/categories?post=130027"},{"taxonomy":"post_tag","embeddable":true,"href":"https:\/\/diariodamanhapelotas.com.br\/site\/wp-json\/wp\/v2\/tags?post=130027"}],"curies":[{"name":"wp","href":"https:\/\/api.w.org\/{rel}","templated":true}]}}