{"id":130031,"date":"2023-08-23T08:47:35","date_gmt":"2023-08-23T11:47:35","guid":{"rendered":"https:\/\/diariodamanhapelotas.com.br\/site\/?p=130031"},"modified":"2023-08-23T08:47:35","modified_gmt":"2023-08-23T11:47:35","slug":"hospitais-da-rede-ebserh-oferecem-306-vagas-para-programas-de-residencia-na-regiao-sul","status":"publish","type":"post","link":"https:\/\/diariodamanhapelotas.com.br\/site\/hospitais-da-rede-ebserh-oferecem-306-vagas-para-programas-de-residencia-na-regiao-sul\/","title":{"rendered":"Hospitais da Rede Ebserh oferecem 306 vagas para Programas de Resid\u00eancia na Regi\u00e3o Sul"},"content":{"rendered":"<h3 style=\"text-align: center;\"><em>Sele\u00e7\u00e3o ser\u00e1 realizada por meio do Exame Nacional das Resid\u00eancias (Enare), com data prevista para 29 de outubro; inscri\u00e7\u00f5es ser\u00e3o realizadas entre 23 de agosto e 14 de setembro<\/em><\/h3>\n<p>Com inscri\u00e7\u00f5es abertas no per\u00edodo de 23 de agosto a 14 de setembro, o Exame Nacional de Resid\u00eancia (Enare) de 2023 oferta 306 vagas para Programas de Resid\u00eancia M\u00e9dica e de Resid\u00eancia em \u00c1rea Profissional da Sa\u00fade (Multiprofissional e Uniprofissional) em hospitais vinculados \u00e0 Rede da Empresa Brasileira de Servi\u00e7os Hospitalares (Rede Ebserh).<\/p>\n<p>A aplica\u00e7\u00e3o das provas, em todas as capitais e em cidades polos, est\u00e1 prevista para 29 de outubro. Todos os editais e informa\u00e7\u00f5es completas est\u00e3o dispon\u00edveis no site do Enare (<a href=\"https:\/\/enare.ebserh.gov.br\/\" target=\"_blank\" rel=\"noopener noreferrer\">https:\/\/enare.ebserh.gov.br\/<\/a>). Confira a seguir, por Estado, as vagas previstas para os hospitais vinculados \u00e0 Rede Ebserh na Regi\u00e3o Sul:<\/p>\n<h4 style=\"text-align: center;\"><strong>Rio Grande do Sul<\/strong><\/h4>\n<p>No Hospital Escola da Universidade Federal de Pelotas (HE-UFPel), vinculado \u00e0 Rede Ebserh, s\u00e3o 12 vagas para Resid\u00eancia Multiprofissional, em duas \u00e1reas de concentra\u00e7\u00e3o.<\/p>\n<p>Para a Resid\u00eancia Multiprofissional em Aten\u00e7\u00e3o \u00e0 Sa\u00fade da Crian\u00e7a, s\u00e3o seis vagas destinadas a profissionais de Educa\u00e7\u00e3o F\u00edsica, Nutri\u00e7\u00e3o e Odontologia (duas vagas para cada). A Resid\u00eancia Multiprofissional de Aten\u00e7\u00e3o em Oncologia oferece tamb\u00e9m seis vagas, para profissionais de Enfermagem, Odontologia e Terapia Ocupacional (tamb\u00e9m duas vagas para cada \u00e1rea profissional).<\/p>\n<h4 style=\"text-align: center;\"><strong>Outras institui\u00e7\u00f5es<\/strong><\/h4>\n<p>Em toda a Regi\u00e3o Sul, o Enare 2023 oferece um total de 354 vagas para Programas de Resid\u00eancia M\u00e9dica e de Resid\u00eancia em \u00c1rea Profissional da Sa\u00fade (Multiprofissional e Uniprofissional), sendo que, entre as vagas dos Programas de Resid\u00eancia M\u00e9dica, seis est\u00e3o reservadas para profissionais ligados ao Servi\u00e7o Militar.<\/p>\n<p>Al\u00e9m dos hospitais vinculados \u00e0 Rede Ebserh, tamb\u00e9m oferecem vagas no Enare 2023 o Hospital Adauto Botelho, a Secretaria Municipal de Sa\u00fade de Pato Branco, o Fundo Municipal de Sa\u00fade de Londrina, o Munic\u00edpio de Guarapuava, O Fundo Municipal de Sa\u00fade de Cascavel, Hospital de Dermatologia Sanit\u00e1ria do Paran\u00e1, Hospital Regional do Litoral, a Secretaria Municipal de Sa\u00fade de Pinhais e o Complexo Hospitalar do Trabalhador no PR; Fundo Municipal de Sa\u00fade de Jaragu\u00e1 do Sul em SC; Hospital Militar de Porto Alegre, Hospital de Cl\u00ednicas de Passo Fundo, Secretaria Municipal de Sa\u00fade de Uruguaiana, Hospital de Caridade da Santa Casa de Uruguaiana, Funda\u00e7\u00e3o Universidade Federal de Pelotas e Hospital Veterin\u00e1rio de Uruguaiana, no RS.<\/p>\n<h4 style=\"text-align: center;\"><strong>Rede Ebserh<\/strong><\/h4>\n<p>Respons\u00e1vel pela realiza\u00e7\u00e3o do Enare e vinculada ao Minist\u00e9rio da Educa\u00e7\u00e3o (MEC), a Ebserh foi criada em 2011 e, atualmente, administra uma Rede com 41 hospitais universit\u00e1rios federais, apoiando e impulsionando suas atividades por meio de uma gest\u00e3o de excel\u00eancia. Como hospitais vinculados a universidades federais, essas unidades t\u00eam caracter\u00edsticas espec\u00edficas: atendem pacientes do Sistema \u00danico de Sa\u00fade (SUS) ao mesmo tempo em que apoiam a forma\u00e7\u00e3o de profissionais de sa\u00fade e o desenvolvimento de pesquisas e inova\u00e7\u00e3o.<\/p>\n<p>O presidente da Ebserh, Arthur Chioro destaca que o Enare tem um papel que abrange desde a pesquisa, a inova\u00e7\u00e3o, at\u00e9 a contribui\u00e7\u00e3o para um atendimento mais qualificado ao usu\u00e1rio. \u201cA amplia\u00e7\u00e3o do n\u00famero de institui\u00e7\u00f5es e vagas representa uma confian\u00e7a adquirida pela Ebserh, de que as entidades enxergam nossos hospitais como ambientes prop\u00edcios para a difus\u00e3o do conhecimento. Algo que certamente vamos honrar, \u00e0 medida em que os candidatos comecem a exercer suas atividades\u201d, comenta.<\/p>\n<p>Para a diretora do departamento de Ensino, Pesquisa e Extens\u00e3o da Ebserh, Cristiane Carvalho, o sucesso do Enare 2023 mostra a import\u00e2ncia de uma forma\u00e7\u00e3o profissional de excel\u00eancia e a garantia de condi\u00e7\u00f5es mais democr\u00e1ticas de participa\u00e7\u00e3o. \u201cA realiza\u00e7\u00e3o de um \u00fanico certame em n\u00edvel nacional possibilita a redu\u00e7\u00e3o de custos para alunos e institui\u00e7\u00f5es, al\u00e9m da diminui\u00e7\u00e3o da burocracia, e a chance do aluno, dependendo de sua classifica\u00e7\u00e3o, escolher o local mais adequado para trabalhar\u201d, afirma.<\/p>\n","protected":false},"excerpt":{"rendered":"<p>Sele\u00e7\u00e3o ser\u00e1 realizada por meio do Exame Nacional das Resid\u00eancias (Enare), com data prevista para 29 de outubro; inscri\u00e7\u00f5es ser\u00e3o realizadas entre 23 de agosto e 14 de setembro Com<\/p>\n","protected":false},"author":3,"featured_media":130032,"comment_status":"closed","ping_status":"closed","sticky":false,"template":"","format":"standard","meta":[],"categories":[305,150],"tags":[],"_links":{"self":[{"href":"https:\/\/diariodamanhapelotas.com.br\/site\/wp-json\/wp\/v2\/posts\/130031"}],"collection":[{"href":"https:\/\/diariodamanhapelotas.com.br\/site\/wp-json\/wp\/v2\/posts"}],"about":[{"href":"https:\/\/diariodamanhapelotas.com.br\/site\/wp-json\/wp\/v2\/types\/post"}],"author":[{"embeddable":true,"href":"https:\/\/diariodamanhapelotas.com.br\/site\/wp-json\/wp\/v2\/users\/3"}],"replies":[{"embeddable":true,"href":"https:\/\/diariodamanhapelotas.com.br\/site\/wp-json\/wp\/v2\/comments?post=130031"}],"version-history":[{"count":1,"href":"https:\/\/diariodamanhapelotas.com.br\/site\/wp-json\/wp\/v2\/posts\/130031\/revisions"}],"predecessor-version":[{"id":130033,"href":"https:\/\/diariodamanhapelotas.com.br\/site\/wp-json\/wp\/v2\/posts\/130031\/revisions\/130033"}],"wp:featuredmedia":[{"embeddable":true,"href":"https:\/\/diariodamanhapelotas.com.br\/site\/wp-json\/wp\/v2\/media\/130032"}],"wp:attachment":[{"href":"https:\/\/diariodamanhapelotas.com.br\/site\/wp-json\/wp\/v2\/media?parent=130031"}],"wp:term":[{"taxonomy":"category","embeddable":true,"href":"https:\/\/diariodamanhapelotas.com.br\/site\/wp-json\/wp\/v2\/categories?post=130031"},{"taxonomy":"post_tag","embeddable":true,"href":"https:\/\/diariodamanhapelotas.com.br\/site\/wp-json\/wp\/v2\/tags?post=130031"}],"curies":[{"name":"wp","href":"https:\/\/api.w.org\/{rel}","templated":true}]}}