{"id":130034,"date":"2023-08-23T09:02:36","date_gmt":"2023-08-23T12:02:36","guid":{"rendered":"https:\/\/diariodamanhapelotas.com.br\/site\/?p=130034"},"modified":"2023-08-23T09:02:36","modified_gmt":"2023-08-23T12:02:36","slug":"fase-empossa-novo-diretor-em-pelotas","status":"publish","type":"post","link":"https:\/\/diariodamanhapelotas.com.br\/site\/fase-empossa-novo-diretor-em-pelotas\/","title":{"rendered":"Fase empossa novo diretor em Pelotas"},"content":{"rendered":"<h3 style=\"text-align: center;\"><em>A Funda\u00e7\u00e3o de Atendimento Socioeducativo (Fase) conta com novo diretor em Pelotas<\/em><\/h3>\n<p>O novo gestor tomou posse no Centro de Atendimento Socioeducativo (Case). A nomea\u00e7\u00e3o foi publicada na \u00faltima semana no Di\u00e1rio Oficial do Estado (DOE).<\/p>\n<p>O enfermeiro Maicon Luiz Ferreira Escalante \u00e9 o novo diretor do Case Pelotas. Profissional da \u00e1rea, ele sublinha que a sa\u00fade \u00e9 um dos principais eixos de atua\u00e7\u00e3o da Fase.<\/p>\n<p>\u201cNosso objetivo \u00e9 promover a sa\u00fade f\u00edsica e mental aos internos e qualificar o tratamento na unidade com humaniza\u00e7\u00e3o, manejo verbal e respeito\u201d, disse, destacando que a inser\u00e7\u00e3o dos socioeducandos ao mercado de trabalho est\u00e1 entre as prioridades.<\/p>\n<p>Em nome da dire\u00e7\u00e3o-geral, o presidente da Fase, Jos\u00e9 St\u00e9dile, agradeceu ao diretor e desejou sorte e sucesso ao novo gestor.<\/p>\n","protected":false},"excerpt":{"rendered":"<p>A Funda\u00e7\u00e3o de Atendimento Socioeducativo (Fase) conta com novo diretor em Pelotas O novo gestor tomou posse no Centro de Atendimento Socioeducativo (Case). A nomea\u00e7\u00e3o foi publicada na \u00faltima semana<\/p>\n","protected":false},"author":3,"featured_media":130035,"comment_status":"closed","ping_status":"closed","sticky":false,"template":"","format":"standard","meta":[],"categories":[305,33],"tags":[],"_links":{"self":[{"href":"https:\/\/diariodamanhapelotas.com.br\/site\/wp-json\/wp\/v2\/posts\/130034"}],"collection":[{"href":"https:\/\/diariodamanhapelotas.com.br\/site\/wp-json\/wp\/v2\/posts"}],"about":[{"href":"https:\/\/diariodamanhapelotas.com.br\/site\/wp-json\/wp\/v2\/types\/post"}],"author":[{"embeddable":true,"href":"https:\/\/diariodamanhapelotas.com.br\/site\/wp-json\/wp\/v2\/users\/3"}],"replies":[{"embeddable":true,"href":"https:\/\/diariodamanhapelotas.com.br\/site\/wp-json\/wp\/v2\/comments?post=130034"}],"version-history":[{"count":1,"href":"https:\/\/diariodamanhapelotas.com.br\/site\/wp-json\/wp\/v2\/posts\/130034\/revisions"}],"predecessor-version":[{"id":130036,"href":"https:\/\/diariodamanhapelotas.com.br\/site\/wp-json\/wp\/v2\/posts\/130034\/revisions\/130036"}],"wp:featuredmedia":[{"embeddable":true,"href":"https:\/\/diariodamanhapelotas.com.br\/site\/wp-json\/wp\/v2\/media\/130035"}],"wp:attachment":[{"href":"https:\/\/diariodamanhapelotas.com.br\/site\/wp-json\/wp\/v2\/media?parent=130034"}],"wp:term":[{"taxonomy":"category","embeddable":true,"href":"https:\/\/diariodamanhapelotas.com.br\/site\/wp-json\/wp\/v2\/categories?post=130034"},{"taxonomy":"post_tag","embeddable":true,"href":"https:\/\/diariodamanhapelotas.com.br\/site\/wp-json\/wp\/v2\/tags?post=130034"}],"curies":[{"name":"wp","href":"https:\/\/api.w.org\/{rel}","templated":true}]}}