{"id":130066,"date":"2023-08-23T14:40:29","date_gmt":"2023-08-23T17:40:29","guid":{"rendered":"https:\/\/diariodamanhapelotas.com.br\/site\/?p=130066"},"modified":"2023-08-23T14:40:29","modified_gmt":"2023-08-23T17:40:29","slug":"receita-federal-arrecada-mais-de-r-10-milhao-no-2o-leilao-eletronico-de-mercadorias-apreendidas-de-2023","status":"publish","type":"post","link":"https:\/\/diariodamanhapelotas.com.br\/site\/receita-federal-arrecada-mais-de-r-10-milhao-no-2o-leilao-eletronico-de-mercadorias-apreendidas-de-2023\/","title":{"rendered":"Receita Federal arrecada mais de R$ 1,0 milh\u00e3o no 2\u00ba Leil\u00e3o Eletr\u00f4nico de Mercadorias Apreendidas de 2023"},"content":{"rendered":"<h3 style=\"text-align: center;\"><em>Dos 56 lotes ofertados, 32 foram arrematados no certame que foi encerrado com um \u00c1gio de 25,07%.<\/em><\/h3>\n<p><span style=\"font-style: inherit; font-weight: inherit;\">A Delegacia da Receita Federal do Brasil em Pelotas realizou, nesta quarta-feira, 23 de agosto, o 2\u00ba Leil\u00e3o Eletr\u00f4nico de 2023, para a venda de mercadorias e bens apreendidos em atividades de combate e repress\u00e3o ao contrabando e descaminho, destinado a pessoas f\u00edsicas e pessoas jur\u00eddicas.<\/span><\/p>\n<p><span style=\"font-style: inherit; font-weight: inherit;\">O Certame foi encerrado com uma arrecada\u00e7\u00e3o total de R$ 1.028.744,00, obtendo um \u00e1gio de 25,07%. Dos 56 lotes ofertados, 21 foram exclu\u00eddos, 32 arrematados e 3 n\u00e3o foram arrematados.<\/span><\/p>\n<p><span style=\"font-style: inherit; font-weight: inherit;\">O lote de n\u00ba 25, composto por telas de celular, alcan\u00e7ou o maior \u00e1gio, 844,00% sendo arrematado por R$ 472.000,00, em contrapartida o lote n\u00ba 51, mercadorias diversas foi arrematado pelo valor m\u00ednimo.<\/span><\/p>\n<p><span style=\"font-style: inherit; font-weight: inherit;\">Foram ofertados ve\u00edculos, vestu\u00e1rio, eletr\u00f4nicos, pe\u00e7as para ve\u00edculo e mercadorias diversas.<\/span><\/p>\n<p><span style=\"font-style: inherit; font-weight: inherit;\">Al\u00e9m de Pelotas, o leil\u00e3o continha bens e mercadorias das unidades da Receita Federal do Brasil em Bag\u00e9, Jaguar\u00e3o, Novo Hamburgo e Uruguaiana.<\/span><\/p>\n<p><span style=\"font-style: inherit; font-weight: inherit;\">A sess\u00e3o p\u00fablica foi aberta \u00e0s 09h32 e foi registrada no sistema a participa\u00e7\u00e3o de 402 proponentes, sendo que, ap\u00f3s a classifica\u00e7\u00e3o e ordena\u00e7\u00e3o das propostas, foram habilitados 74 licitantes para participar da fase de lances.<\/span><\/p>\n<p><span style=\"font-style: inherit; font-weight: inherit;\">Os recursos arrecadados entram diretamente na conta do Tesouro Nacional, com posterior distribui\u00e7\u00e3o na propor\u00e7\u00e3o de 40% para a seguridade social e 60% para o Fundo de Desenvolvimento e Aperfei\u00e7oamento das Atividades de Fiscaliza\u00e7\u00e3o (Fundaf), regulamentado pelo \u00a7 5\u00ba, do art. 29, do Decreto-Lei\u00a0<\/span><span style=\"font-style: inherit; font-weight: inherit;\">n\u00ba\u00a0<\/span><span style=\"font-style: inherit; font-weight: inherit;\">1.455\/76.<\/span><\/p>\n","protected":false},"excerpt":{"rendered":"<p>Dos 56 lotes ofertados, 32 foram arrematados no certame que foi encerrado com um \u00c1gio de 25,07%. A Delegacia da Receita Federal do Brasil em Pelotas realizou, nesta quarta-feira, 23<\/p>\n","protected":false},"author":3,"featured_media":130067,"comment_status":"closed","ping_status":"closed","sticky":false,"template":"","format":"standard","meta":[],"categories":[305,149],"tags":[],"_links":{"self":[{"href":"https:\/\/diariodamanhapelotas.com.br\/site\/wp-json\/wp\/v2\/posts\/130066"}],"collection":[{"href":"https:\/\/diariodamanhapelotas.com.br\/site\/wp-json\/wp\/v2\/posts"}],"about":[{"href":"https:\/\/diariodamanhapelotas.com.br\/site\/wp-json\/wp\/v2\/types\/post"}],"author":[{"embeddable":true,"href":"https:\/\/diariodamanhapelotas.com.br\/site\/wp-json\/wp\/v2\/users\/3"}],"replies":[{"embeddable":true,"href":"https:\/\/diariodamanhapelotas.com.br\/site\/wp-json\/wp\/v2\/comments?post=130066"}],"version-history":[{"count":1,"href":"https:\/\/diariodamanhapelotas.com.br\/site\/wp-json\/wp\/v2\/posts\/130066\/revisions"}],"predecessor-version":[{"id":130068,"href":"https:\/\/diariodamanhapelotas.com.br\/site\/wp-json\/wp\/v2\/posts\/130066\/revisions\/130068"}],"wp:featuredmedia":[{"embeddable":true,"href":"https:\/\/diariodamanhapelotas.com.br\/site\/wp-json\/wp\/v2\/media\/130067"}],"wp:attachment":[{"href":"https:\/\/diariodamanhapelotas.com.br\/site\/wp-json\/wp\/v2\/media?parent=130066"}],"wp:term":[{"taxonomy":"category","embeddable":true,"href":"https:\/\/diariodamanhapelotas.com.br\/site\/wp-json\/wp\/v2\/categories?post=130066"},{"taxonomy":"post_tag","embeddable":true,"href":"https:\/\/diariodamanhapelotas.com.br\/site\/wp-json\/wp\/v2\/tags?post=130066"}],"curies":[{"name":"wp","href":"https:\/\/api.w.org\/{rel}","templated":true}]}}