{"id":130069,"date":"2023-08-24T16:27:13","date_gmt":"2023-08-24T19:27:13","guid":{"rendered":"https:\/\/diariodamanhapelotas.com.br\/site\/?p=130069"},"modified":"2023-08-24T16:27:13","modified_gmt":"2023-08-24T19:27:13","slug":"fecomercio-rs-realiza-reuniao-regional-em-jaguarao","status":"publish","type":"post","link":"https:\/\/diariodamanhapelotas.com.br\/site\/fecomercio-rs-realiza-reuniao-regional-em-jaguarao\/","title":{"rendered":"Fecom\u00e9rcio-RS realiza Reuni\u00e3o Regional em Jaguar\u00e3o"},"content":{"rendered":"<h3 style=\"text-align: center;\"><em>A cidade de Jaguar\u00e3o sediou mais uma edi\u00e7\u00e3o da Reuni\u00e3o Regional, evento realizado pela Fecom\u00e9rcio-RS com o objetivo de\u202fdiscutir pautas de interesse dos l\u00edderes sindicais, trocando experi\u00eancias e buscando o fortalecimento dos sindicatos<\/em><\/h3>\n<p>O evento, que aconteceu na tarde da \u00faltima ter\u00e7a-feira (22) no Hotel Sinuelo, foi conduzido pelo presidente da Federa\u00e7\u00e3o, Luiz Carlos Bohn, e contou com a\u202fpresen\u00e7a do\u202fpresidente da C\u00e2mara de Vereadores de Jaguar\u00e3o, Enio Rigatti,\u202fdo assessor parlamentar\u202fCleber Pulgatti, representando o prefeito municipal, o presidente do Sindilojas Fronteira Sul, Fernando Mendes e sindicatos da regi\u00e3o Sul do estado.<\/p>\n<p>Dando in\u00edcio ao encontro, o presidente da Fecom\u00e9rcio-RS, Luiz Carlos Bohn, deu as boas-vindas aos participantes falando da import\u00e2ncia desses momentos, no qual a entidade \u00e9 escuta ativa da sua base de atua\u00e7\u00e3o, entendendo as demandas da regi\u00e3o. &#8220;Estamos aqui para tratar temas que afligem o setor terci\u00e1rio, atendendo pautas locais e levando questionamentos sobre pauta regionais. J\u00e1 tivemos resultados significativos com essas reuni\u00f5es e entendemos que os empres\u00e1rios, por meio das entidades, precisam estar unidos para alcan\u00e7ar objetivos comuns&#8221;, enfatiza o presidente.<\/p>\n<p>Para falar sobre o mapa pol\u00edtico local, o assessor de Rela\u00e7\u00f5es Governamentais da Fecom\u00e9rcio-RS, Adriano Beuren, tratou sobre temas aderentes \u00e0 regi\u00e3o, como o mapa pol\u00edtico e eleitoral local, o perfil parlamentar, bem como a inclus\u00e3o de projetos municipais na plataforma Representa +. &#8220;Ampliamos a atua\u00e7\u00e3o do Representa + para que os sindicatos tamb\u00e9m possam utilizar da melhor forma a plataforma, cadastrando projetos municipais no ambiente, refor\u00e7ando a representatividade e o posicionamento pol\u00edtico dos sindicatos locais&#8221;, destaca.<\/p>\n<p>Na sequ\u00eancia, a\u202fassessora do N\u00facleo Jur\u00eddico Trabalhista e Sindical da entidade, Camila Machado, trouxe para debate quest\u00f5es referentes \u00e0 revis\u00e3o da Reforma Trabalhista e temas relacionados ao sistema sindical.<\/p>\n<h4 style=\"text-align: center;\"><strong>Pautas regionais\u202f<\/strong><\/h4>\n<p><span style=\"font-style: inherit; font-weight: inherit;\">O segundo momento da reuni\u00e3o foi dedicado \u00e0 escuta das demandas dos sindicatos.\u202fO\u202fpresidente do Sindilojas Fronteira Sul, Fernando Mendes, trouxe para debate a necessidade da constru\u00e7\u00e3o da segunda ponte entre a cidade de Jaguar\u00e3o e o munic\u00edpio de Rio Branco, no Uruguai. Mendes tamb\u00e9m falou sobre o porto fluvial da cidade, o turismo municipal e a potencializa\u00e7\u00e3o das a\u00e7\u00f5es culturais, com o objetivo de reter mais os turistas na cidade.\u202f<\/span><\/p>\n<p><span style=\"font-style: inherit; font-weight: inherit;\">Trazendo as suas pautas, o presidente do Sindilojas Rio Grande, Luiz Escobar, falou sobre a necessidade da liga\u00e7\u00e3o a seco entre as cidades de S\u00e3o Jos\u00e9 do Norte e Rio Grande, a\u00e7\u00e3o que j\u00e1 foi pauta entregue pela Federa\u00e7\u00e3o ao ministro dos transportes. J\u00e1 o presidente do Sindilojas Pelotas, Renzo Antonioli, questionou sobre orienta\u00e7\u00f5es pol\u00edticas da Federa\u00e7\u00e3o e o fechamento de estabelecimentos comerciais na Zona Sul do estado. E encerrando a pauta, o presidente do Secovi Zona Sul, S\u00e9rgio Cogoy, falou sobre a BR 116 e como promover a\u00e7\u00f5es para melhorar o movimento comercial em regi\u00f5es significativas da cidade, a\u00e7\u00f5es essas que fortalecer\u00e3o o desenvolvimento e a renda.<\/span><\/p>\n<p>O assessor governamental, Adriano Beuren, enfatizou que as a\u00e7\u00f5es referentes \u00e0s obras e infraestrura s\u00e3o diretamente ligados ao PAC, programa do Governo Federal de acelera\u00e7\u00e3o do crescimento, e s\u00e3o temas que est\u00e3o diariamente na pauta da Fecom\u00e9rcio-RS. Al\u00e9m disso, Beuren tamb\u00e9m falou sobre a cartilha desenvolvida pela entidade e usada para pautar temas priorit\u00e1rios do setor com o objetivo de serem levados aos prefeitos e demais governantes para estarem dentro de seus programas de governo.<\/p>\n<p>A gerente da Assessoria Econ\u00f4mica da Federa\u00e7\u00e3o, Patr\u00edcia Palermo, abordou quest\u00f5es econ\u00f4micas relacionadas ao fechamento do com\u00e9rcio local com base nos dados do CAGED. &#8220;Dados da regi\u00e3o Sul do estado nos mostram que um dos fatores para a perda de postos de trabalho est\u00e1 diretamente ligado ao setor da moda, com aspectos conjunturais e um varejo que vem experimentando uma concorr\u00eancia que n\u00e3o existia anteriormente&#8221;, destaca a economista.<\/p>\n<p>Outros sindicatos tamb\u00e9m se manifestaram, como o presidente do Sindilojas Cangu\u00e7u, Augusto Pegoraro, falando sobre produ\u00e7\u00e3o de tabaco na cidade e a import\u00e2ncia do setor para gera\u00e7\u00e3o de renda, o presidente do Sincope\u00e7as-RS, Marco Machado e o presidente do SindiCRD, Irineo Grings.\u202fEncerrando o encontro, o presidente da C\u00e2mara de Vereadores de Jaguar\u00e3o, Enio Rigatti, agradeceu a representatividade da Federa\u00e7\u00e3o e destacou a necessidade desses encontros para o desenvolvimento local.<\/p>\n<p>As\u202fReuni\u00f5es Regionais t\u00eam o objetivo de discutir pautas de interesse dos l\u00edderes sindicais, trocando experi\u00eancias e buscando o fortalecimento dos sindicatos. O pr\u00f3ximo encontro est\u00e1 marcado para acontecer no dia 5 de setembro, na cidade de Santiago.<\/p>\n<p><em>Foto: Liziane Alves<\/em><\/p>\n","protected":false},"excerpt":{"rendered":"<p>A cidade de Jaguar\u00e3o sediou mais uma edi\u00e7\u00e3o da Reuni\u00e3o Regional, evento realizado pela Fecom\u00e9rcio-RS com o objetivo de\u202fdiscutir pautas de interesse dos l\u00edderes sindicais, trocando experi\u00eancias e buscando o<\/p>\n","protected":false},"author":3,"featured_media":130070,"comment_status":"closed","ping_status":"closed","sticky":false,"template":"","format":"standard","meta":[],"categories":[305,31],"tags":[],"_links":{"self":[{"href":"https:\/\/diariodamanhapelotas.com.br\/site\/wp-json\/wp\/v2\/posts\/130069"}],"collection":[{"href":"https:\/\/diariodamanhapelotas.com.br\/site\/wp-json\/wp\/v2\/posts"}],"about":[{"href":"https:\/\/diariodamanhapelotas.com.br\/site\/wp-json\/wp\/v2\/types\/post"}],"author":[{"embeddable":true,"href":"https:\/\/diariodamanhapelotas.com.br\/site\/wp-json\/wp\/v2\/users\/3"}],"replies":[{"embeddable":true,"href":"https:\/\/diariodamanhapelotas.com.br\/site\/wp-json\/wp\/v2\/comments?post=130069"}],"version-history":[{"count":1,"href":"https:\/\/diariodamanhapelotas.com.br\/site\/wp-json\/wp\/v2\/posts\/130069\/revisions"}],"predecessor-version":[{"id":130071,"href":"https:\/\/diariodamanhapelotas.com.br\/site\/wp-json\/wp\/v2\/posts\/130069\/revisions\/130071"}],"wp:featuredmedia":[{"embeddable":true,"href":"https:\/\/diariodamanhapelotas.com.br\/site\/wp-json\/wp\/v2\/media\/130070"}],"wp:attachment":[{"href":"https:\/\/diariodamanhapelotas.com.br\/site\/wp-json\/wp\/v2\/media?parent=130069"}],"wp:term":[{"taxonomy":"category","embeddable":true,"href":"https:\/\/diariodamanhapelotas.com.br\/site\/wp-json\/wp\/v2\/categories?post=130069"},{"taxonomy":"post_tag","embeddable":true,"href":"https:\/\/diariodamanhapelotas.com.br\/site\/wp-json\/wp\/v2\/tags?post=130069"}],"curies":[{"name":"wp","href":"https:\/\/api.w.org\/{rel}","templated":true}]}}