{"id":130650,"date":"2023-09-24T10:03:53","date_gmt":"2023-09-24T13:03:53","guid":{"rendered":"https:\/\/diariodamanhapelotas.com.br\/site\/?p=130650"},"modified":"2023-09-25T13:34:10","modified_gmt":"2023-09-25T16:34:10","slug":"bazar-da-beneficencia-e-prorrogado-ate-sabado-30-09","status":"publish","type":"post","link":"https:\/\/diariodamanhapelotas.com.br\/site\/bazar-da-beneficencia-e-prorrogado-ate-sabado-30-09\/","title":{"rendered":"Bazar da Benefic\u00eancia \u00e9 prorrogado at\u00e9 s\u00e1bado (30\/09)"},"content":{"rendered":"<h3 style=\"text-align: center;\"><em>Devido ao sucesso de p\u00fablico, o bazar solid\u00e1rio do Grupo de Apoio da Benefic\u00eancia Portuguesa foi estendido at\u00e9 o pr\u00f3ximo final de semana, na Galeria Malcon, em Pelotas (RS)<\/em><\/h3>\n<p>O bazar solid\u00e1rio do\u00a0<a href=\"https:\/\/www.facebook.com\/beneficenciaportuguesapelotas\" target=\"_blank\" rel=\"noopener noreferrer\">Grupo de Apoio da Benefic\u00eancia Portuguesa<\/a>\u00a0tem levado centenas de pessoas \u00e0 Galeria Malcon, o que motivou a sua\u00a0prorroga\u00e7\u00e3o\u00a0at\u00e9 o pr\u00f3ximo\u00a0s\u00e1bado (30\/09). Toda renda ser\u00e1 revertida para as enfermarias do\u00a0SUS\u00a0(Sistema \u00danico de Sa\u00fade), em Pelotas (RS).<\/p>\n<p>A loja N\u00ba 3, localizada na Rua Quinze de Novembro, 667 \u2013 Centro, tem funcionamento de segunda a sexta-feira das 9h \u00e0s 17h30; e, no s\u00e1bado, das 9h \u00e0s 12h. No local est\u00e3o sendo oferecidos\u00a0itens\u00a0novos e seminovos, em excelentes condi\u00e7\u00f5es e higienizados. Dentre eles, utens\u00edlios dom\u00e9sticos, quadros, artigos raros de decora\u00e7\u00e3o, brinquedos, eletr\u00f4nicos, antiguidades e acess\u00f3rios de moda, al\u00e9m de bijuterias, bolsas e cal\u00e7ados. Os\u00a0pre\u00e7os\u00a0come\u00e7am em R$ 5,00. O\u00a0acesso\u00a0\u00e0s ofertas se d\u00e1 por ordem de chegada, sendo limitado \u00e0 capacidade da loja.<\/p>\n<p>\u201cMesmo com as condi\u00e7\u00f5es clim\u00e1ticas desfavor\u00e1veis, temos registrado\u00a0filas\u00a0de espera, al\u00e9m de recebido\u00a0elogios\u00a0pelos\u00a0pre\u00e7os populares\u00a0de roupas de qualidade e de marcas reconhecidas\u201d, explica\u00a0Cl\u00e1udia Azambuja, coordenadora do Grupo de Apoio. De acordo com ela, os \u00faltimos dias ser\u00e3o marcados por descontos e promo\u00e7\u00f5es especiais, como \u201cleve tr\u00eas pe\u00e7as pelo pre\u00e7o de duas\u201d.<\/p>\n<p><img loading=\"lazy\" class=\" wp-image-130652 aligncenter\" src=\"https:\/\/diariodamanhapelotas.com.br\/site\/wp-content\/uploads\/2023\/09\/eduardo-bazar-beneficencia.jpeg\" alt=\"\" width=\"676\" height=\"409\" srcset=\"https:\/\/diariodamanhapelotas.com.br\/site\/wp-content\/uploads\/2023\/09\/eduardo-bazar-beneficencia.jpeg 800w, https:\/\/diariodamanhapelotas.com.br\/site\/wp-content\/uploads\/2023\/09\/eduardo-bazar-beneficencia-300x182.jpeg 300w, https:\/\/diariodamanhapelotas.com.br\/site\/wp-content\/uploads\/2023\/09\/eduardo-bazar-beneficencia-150x91.jpeg 150w, https:\/\/diariodamanhapelotas.com.br\/site\/wp-content\/uploads\/2023\/09\/eduardo-bazar-beneficencia-768x465.jpeg 768w\" sizes=\"(max-width: 676px) 100vw, 676px\" \/><\/p>\n<p style=\"text-align: center;\"><em>O Governador do Estado\u00a0Eduardo Leite, de passagem pela Galeria Malcon, no s\u00e1bado (23\/09), demonstrou seu apoio ao bazar solid\u00e1rio do\u00a0Grupo de Apoio da Benefic\u00eancia<\/em><\/p>\n<h4 style=\"text-align: center;\">Resultados da edi\u00e7\u00e3o passada<\/h4>\n<p>A \u00faltima edi\u00e7\u00e3o do bazar solid\u00e1rio, realizada em junho de 2022, arrecadou\u00a0R$ 17 mil, beneficiando centenas de pessoas, por meio da compra de fraldas geri\u00e1tricas, cobertores, toalhas e colch\u00f5es pneum\u00e1ticos e piramidais. Parte desses recursos auxiliou a reforma de um consult\u00f3rio do CMI (Centro M\u00e9dico Integrado), al\u00e9m de um quarto com seis leitos da enfermaria Nossa Sra. Aparecida. Este \u00faltimo envolveu a troca de piso, coloca\u00e7\u00e3o de divis\u00f3rias, pintura e substitui\u00e7\u00e3o da rede el\u00e9trica.<\/p>\n<h4 style=\"text-align: center;\">Brech\u00f3 permanente<\/h4>\n<p>O Grupo de Apoio da Benefic\u00eancia Portuguesa mant\u00e9m um\u00a0brech\u00f3 permanente, dentro do hospital (Rua Andrade Neves, 915, Centro), de ter\u00e7a a quinta-feira, das 13h30 \u00e0s 17h. O local \u00e9 aberto ao p\u00fablico e tem entrada franca.<\/p>\n<h4 style=\"text-align: center;\">Doa\u00e7\u00e3o aos atingidos pelas enchentes<\/h4>\n<p>No dia 14 deste m\u00eas, o\u00a0Grupo de Apoio da Benefic\u00eancia Portuguesa doou mais 100 itens de roupas e cal\u00e7ados (cerca de 30 quilos) para fam\u00edlias atingidas pelas enchentes em Pelotas (RS). A entrega foi realizada pela coordenadora\u00a0Cl\u00e1udia Azambuja, e pela vice\u00a0Cleni Dutra, ao 5\u00ba Batalh\u00e3o de Pol\u00edcia de Choque \u2013 Brigada Militar.<\/p>\n<h4 style=\"text-align: center;\">Servi\u00e7o<\/h4>\n<p><strong>O qu\u00ea\u00a0\u2013<\/strong> Bazar solid\u00e1rio do Grupo de Apoio da Benefic\u00eancia Portuguesa<\/p>\n<p><strong>Quando\u00a0\u2013<\/strong> De 25 (seg.) a 29\/09 (sex.), das 9h \u00e0s 17h30; e 30\/09\/23 (s\u00e1b.), das 9h \u00e0s 12h<\/p>\n<p><strong>Onde\u00a0\u2013<\/strong> Loja n\u00ba 3 da Galeria Malcon (Rua Quinze de Novembro, 667, Centro, Pelotas \u2013 RS)<\/p>\n<p><strong>Quanto\u00a0\u2013<\/strong> Entrada franca. Produtos com pre\u00e7os a partir de R$ 5,00<\/p>\n<p><strong>Informa\u00e7\u00f5es\u00a0\u2013<\/strong> Cl\u00e1udia Azambuja, (53) 9 9982-0098<\/p>\n<h4 style=\"text-align: center;\">Sobre o Grupo de Apoio<\/h4>\n<p>O Grupo de Apoio da Benefic\u00eancia Portuguesa \u00e9 um pilar de solidariedade na comunidade pelotense, com mais de duas d\u00e9cadas de hist\u00f3ria dedicada a causas altru\u00edstas. Comprometido em apoiar os menos favorecidos, o grupo de volunt\u00e1rias, conhecidas como \u201cabelhinhas\u201d, recebe doa\u00e7\u00f5es de roupas e objetos, os quais passam por criteriosa higieniza\u00e7\u00e3o e sele\u00e7\u00e3o. Esses itens s\u00e3o comercializados a pre\u00e7os populares, por meio de dois bazares anuais tempor\u00e1rios e um brech\u00f3 permanente, dentro do hospital, aberto de ter\u00e7a a quinta-feira, das 13h30 \u00e0s 17h. Cada centavo arrecadado \u00e9 direcionado para reformas e aquisi\u00e7\u00e3o de equipamentos essenciais para as enfermarias do Sistema \u00danico de Sa\u00fade (SUS), no Hospital da Sociedade Portuguesa de Benefic\u00eancia de Pelotas. Sob a coordena\u00e7\u00e3o dedicada de Cl\u00e1udia Azambuja, o Grupo de Apoio re\u00fane cerca de 40 mulheres comprometidas, contando tamb\u00e9m com o apoio ativo da comunidade local. Para conhecer mais sobre o Grupo de Apoio e suas a\u00e7\u00f5es, visite os perfis no Instagram\u00a0<a href=\"https:\/\/www.instagram.com\/grupodeapoiobeneficencia\/\" target=\"_blank\" rel=\"noopener noreferrer\">(@grupodeapoiobeneficencia<\/a>) e no Facebook\u00a0<a href=\"https:\/\/www.facebook.com\/beneficenciaportuguesapelotas\" target=\"_blank\" rel=\"noopener noreferrer\">(@beneficenciaportuguesapelotas<\/a>).<\/p>\n<p>&nbsp;<\/p>\n","protected":false},"excerpt":{"rendered":"<p>Devido ao sucesso de p\u00fablico, o bazar solid\u00e1rio do Grupo de Apoio da Benefic\u00eancia Portuguesa foi estendido at\u00e9 o pr\u00f3ximo final de semana, na Galeria Malcon, em Pelotas (RS) O<\/p>\n","protected":false},"author":3,"featured_media":130651,"comment_status":"closed","ping_status":"closed","sticky":false,"template":"","format":"standard","meta":[],"categories":[305,149],"tags":[],"_links":{"self":[{"href":"https:\/\/diariodamanhapelotas.com.br\/site\/wp-json\/wp\/v2\/posts\/130650"}],"collection":[{"href":"https:\/\/diariodamanhapelotas.com.br\/site\/wp-json\/wp\/v2\/posts"}],"about":[{"href":"https:\/\/diariodamanhapelotas.com.br\/site\/wp-json\/wp\/v2\/types\/post"}],"author":[{"embeddable":true,"href":"https:\/\/diariodamanhapelotas.com.br\/site\/wp-json\/wp\/v2\/users\/3"}],"replies":[{"embeddable":true,"href":"https:\/\/diariodamanhapelotas.com.br\/site\/wp-json\/wp\/v2\/comments?post=130650"}],"version-history":[{"count":2,"href":"https:\/\/diariodamanhapelotas.com.br\/site\/wp-json\/wp\/v2\/posts\/130650\/revisions"}],"predecessor-version":[{"id":130665,"href":"https:\/\/diariodamanhapelotas.com.br\/site\/wp-json\/wp\/v2\/posts\/130650\/revisions\/130665"}],"wp:featuredmedia":[{"embeddable":true,"href":"https:\/\/diariodamanhapelotas.com.br\/site\/wp-json\/wp\/v2\/media\/130651"}],"wp:attachment":[{"href":"https:\/\/diariodamanhapelotas.com.br\/site\/wp-json\/wp\/v2\/media?parent=130650"}],"wp:term":[{"taxonomy":"category","embeddable":true,"href":"https:\/\/diariodamanhapelotas.com.br\/site\/wp-json\/wp\/v2\/categories?post=130650"},{"taxonomy":"post_tag","embeddable":true,"href":"https:\/\/diariodamanhapelotas.com.br\/site\/wp-json\/wp\/v2\/tags?post=130650"}],"curies":[{"name":"wp","href":"https:\/\/api.w.org\/{rel}","templated":true}]}}