{"id":131344,"date":"2023-10-26T15:34:24","date_gmt":"2023-10-26T18:34:24","guid":{"rendered":"https:\/\/diariodamanhapelotas.com.br\/site\/?p=131344"},"modified":"2023-10-26T15:34:24","modified_gmt":"2023-10-26T18:34:24","slug":"trecho-da-avenida-ferreira-viana-tem-transito-liberado","status":"publish","type":"post","link":"https:\/\/diariodamanhapelotas.com.br\/site\/trecho-da-avenida-ferreira-viana-tem-transito-liberado\/","title":{"rendered":"Trecho da avenida Ferreira Viana tem tr\u00e2nsito liberado"},"content":{"rendered":"<h3 style=\"text-align: center;\"><em>Tr\u00e1fego volta ao normal entre a avenida Rep\u00fablica e Umuharama. Na pr\u00f3xima semana, novo trecho ter\u00e1 pista interrompida e fluxo ser\u00e1 em m\u00e3o dupla<\/em><\/h3>\n<p>Mais um\u00a0trecho da avenida Ferreira Viana\u00a0\u2013 entre as rotat\u00f3rias da avenida Rep\u00fablica e do loteamento Umuharama &#8211; est\u00e1 com as\u00a0obras das travessias de drenagem conclu\u00eddas. Na quarta-feira (25), foi realizado o nivelamento com asfalto nos locais que passaram por interven\u00e7\u00f5es. O processo de requalifica\u00e7\u00e3o prossegue e, nesta quinta (26) e na sexta-feira (27), haver\u00e1 modifica\u00e7\u00f5es de tr\u00e2nsito nas rotat\u00f3rias do Umuharama e da Estrada do Engenho, para in\u00edcio das obras nesse novo trecho a partir de segunda-feira (30).<\/p>\n<p>\u201cNo trecho 3, entre as rotat\u00f3rias do Umuharama e da Estrada do Engenho, o tr\u00e2nsito ficar\u00e1 em m\u00e3o dupla, sentido bairro\/Centro, viabilizando escava\u00e7\u00f5es, coloca\u00e7\u00e3o de tubula\u00e7\u00f5es, envelopamento em concreto e revestimento asf\u00e1ltico em mais sete travessias de drenagem. Essas interven\u00e7\u00f5es s\u00e3o a etapa de base de todo o projeto de requalifica\u00e7\u00e3o da avenida em toda a extens\u00e3o\u201d, informa o secret\u00e1rio de Planejamento e Gest\u00e3o, Roberto Ramalho.<\/p>\n<p>De acordo com o secret\u00e1rio, o acesso local no com\u00e9rcio e nos condom\u00ednios Serena, Toscana e Princesa do Sul, localizados no trecho 3 da Ferreira Viana, ter\u00e1 deslocamento diferenciado. A Seplag manteve contato com os s\u00edndicos para explicar como ficar\u00e1 o fluxo.<\/p>\n<p>A requalifica\u00e7\u00e3o dos 4,2 quil\u00f4metros de extens\u00e3o da avenida Ferreira Viana, da avenida Juscelino Kubitschek de Oliveira at\u00e9 a ponte do Laranjal, conta com o investimento de mais de R$ 4,4 milh\u00f5es. Os recursos s\u00e3o do Banco Regional de Desenvolvimento do Extremo Sul (BRDE) e as obras, sob responsabilidade da Prefeitura, s\u00e3o executadas pela empresa Encopav Engenharia Ltda, com acompanhamento t\u00e9cnico da Secretaria de Planejamento e Gest\u00e3o. A via ser\u00e1 beneficiada com nova pavimenta\u00e7\u00e3o asf\u00e1ltica, drenagem, ciclofaixa e sinaliza\u00e7\u00e3o horizontal e vertical.<\/p>\n","protected":false},"excerpt":{"rendered":"<p>Tr\u00e1fego volta ao normal entre a avenida Rep\u00fablica e Umuharama. Na pr\u00f3xima semana, novo trecho ter\u00e1 pista interrompida e fluxo ser\u00e1 em m\u00e3o dupla Mais um\u00a0trecho da avenida Ferreira Viana\u00a0\u2013<\/p>\n","protected":false},"author":3,"featured_media":131345,"comment_status":"closed","ping_status":"closed","sticky":false,"template":"","format":"standard","meta":[],"categories":[305,149],"tags":[],"_links":{"self":[{"href":"https:\/\/diariodamanhapelotas.com.br\/site\/wp-json\/wp\/v2\/posts\/131344"}],"collection":[{"href":"https:\/\/diariodamanhapelotas.com.br\/site\/wp-json\/wp\/v2\/posts"}],"about":[{"href":"https:\/\/diariodamanhapelotas.com.br\/site\/wp-json\/wp\/v2\/types\/post"}],"author":[{"embeddable":true,"href":"https:\/\/diariodamanhapelotas.com.br\/site\/wp-json\/wp\/v2\/users\/3"}],"replies":[{"embeddable":true,"href":"https:\/\/diariodamanhapelotas.com.br\/site\/wp-json\/wp\/v2\/comments?post=131344"}],"version-history":[{"count":1,"href":"https:\/\/diariodamanhapelotas.com.br\/site\/wp-json\/wp\/v2\/posts\/131344\/revisions"}],"predecessor-version":[{"id":131346,"href":"https:\/\/diariodamanhapelotas.com.br\/site\/wp-json\/wp\/v2\/posts\/131344\/revisions\/131346"}],"wp:featuredmedia":[{"embeddable":true,"href":"https:\/\/diariodamanhapelotas.com.br\/site\/wp-json\/wp\/v2\/media\/131345"}],"wp:attachment":[{"href":"https:\/\/diariodamanhapelotas.com.br\/site\/wp-json\/wp\/v2\/media?parent=131344"}],"wp:term":[{"taxonomy":"category","embeddable":true,"href":"https:\/\/diariodamanhapelotas.com.br\/site\/wp-json\/wp\/v2\/categories?post=131344"},{"taxonomy":"post_tag","embeddable":true,"href":"https:\/\/diariodamanhapelotas.com.br\/site\/wp-json\/wp\/v2\/tags?post=131344"}],"curies":[{"name":"wp","href":"https:\/\/api.w.org\/{rel}","templated":true}]}}