{"id":131887,"date":"2023-11-23T19:09:23","date_gmt":"2023-11-23T22:09:23","guid":{"rendered":"https:\/\/diariodamanhapelotas.com.br\/site\/?p=131887"},"modified":"2023-11-23T19:09:23","modified_gmt":"2023-11-23T22:09:23","slug":"pelotas-tem-projeto-aprovado-no-minha-casa-minha-vida","status":"publish","type":"post","link":"https:\/\/diariodamanhapelotas.com.br\/site\/pelotas-tem-projeto-aprovado-no-minha-casa-minha-vida\/","title":{"rendered":"Pelotas tem projeto aprovado no Minha Casa, Minha Vida"},"content":{"rendered":"<h3 style=\"text-align: center;\"><em>Conjunto habitacional com 250 casas, na avenida Leopoldo Brod, foi inclu\u00eddo entre as 1,2 mil propostas na nova edi\u00e7\u00e3o do programa<\/em><\/h3>\n<p style=\"font-style: inherit;\">A proposta da Prefeitura de Pelotas, para a constru\u00e7\u00e3o de conjunto habitacional com 250 casas na avenida Leopoldo Brod, na zona norte, foi aprovada pelo governo federal e vai integrar a nova edi\u00e7\u00e3o do programa Minha Casa, Minha Vida. A portaria com os pedidos selecionados foi divulgada na quinta-feira pelo Minist\u00e9rio das Cidades. Ao todo, foram contemplados 1,2 mil empreendimentos em 560 munic\u00edpios e direcionados \u00e0 Faixa 1 (FAR), para fam\u00edlias com renda de at\u00e9 dois sal\u00e1rios m\u00ednimos ou R$ 2,6 mil.<\/p>\n<p style=\"font-style: inherit;\">\u201cEnfrentamos muitas cr\u00edticas e uma desconfian\u00e7a por parte de agentes pol\u00edticos e de segmentos da imprensa em rela\u00e7\u00e3o a isso, mas seguimos firmes fazendo o trabalho com responsabilidade e, sobretudo, definindo a \u00e1rea com muito crit\u00e9rio e detalhe, o que nos permitiu atingir o \u00edndice m\u00e1ximo. Foi gra\u00e7as a este detalhamento e a este trabalho criterioso que fomos selecionados. Deixo o registro de cumprimentos \u00e0 equipe e a nossa resposta \u00e9 essa para a popula\u00e7\u00e3o: seremos o governo que mais investiu na \u00e1rea de habita\u00e7\u00e3o. J\u00e1 t\u00ednhamos marcas hist\u00f3ricas com a regulariza\u00e7\u00e3o fundi\u00e1ria e agora vamos atingir marcas hist\u00f3ricas com a entrega de habita\u00e7\u00f5es populares\u201d, declarou a prefeita Paula Mascarenhas.<\/p>\n<p style=\"font-style: inherit;\">A secret\u00e1ria de Habita\u00e7\u00e3o e Regulariza\u00e7\u00e3o Fundi\u00e1ria, Cl\u00e1udia Leite, diz que Pelotas cadastrou duas propostas de 250 unidades habitacionais cada uma e destaca a mudan\u00e7a no tipo de habita\u00e7\u00e3o &#8211; de apartamentos para casas &#8211; como o principal diferencial do projeto aprovado. \u201cA constru\u00e7\u00e3o de unidades habitacionais t\u00e9rreas unifamiliares \u00e9 a diferen\u00e7a desse projeto para outros, anteriores, pois o modelo executado pelo Minha Casa, Minha Vida era de unidades multifamiliares que, em alguns locais, gerou v\u00e1rios problemas\u201d, diz.<\/p>\n<p style=\"font-style: inherit;\">Conforme Cl\u00e1udia, a proposta de Pelotas atingiu pontua\u00e7\u00e3o m\u00e1xima nos crit\u00e9rios de sele\u00e7\u00e3o do programa, que exigiam a localiza\u00e7\u00e3o do empreendimento em \u00e1rea dotada de infraestrutura adequada. \u201cA \u00e1rea escolhida conta com infraestrutura, escolas, posto de sa\u00fade, Cras, pontos de \u00f4nibus e supermercados, o que era uma exig\u00eancia do Minist\u00e9rio das Cidades e, por isso, atingimos a pontua\u00e7\u00e3o m\u00e1xima nesse quesito\u201d, afirma.<\/p>\n<p><img loading=\"lazy\" class=\"wp-image-131888 aligncenter\" src=\"https:\/\/diariodamanhapelotas.com.br\/site\/wp-content\/uploads\/2023\/11\/obras-casas-populares2.jpg\" alt=\"\" width=\"676\" height=\"430\" srcset=\"https:\/\/diariodamanhapelotas.com.br\/site\/wp-content\/uploads\/2023\/11\/obras-casas-populares2.jpg 696w, https:\/\/diariodamanhapelotas.com.br\/site\/wp-content\/uploads\/2023\/11\/obras-casas-populares2-300x191.jpg 300w, https:\/\/diariodamanhapelotas.com.br\/site\/wp-content\/uploads\/2023\/11\/obras-casas-populares2-150x95.jpg 150w\" sizes=\"(max-width: 676px) 100vw, 676px\" \/><\/p>\n<p style=\"text-align: center;\"><em>Com a aprova\u00e7\u00e3o do projeto com 250 casas, a Prefeitura poder\u00e1 entregar 500 novas unidades habitacionais em 2024, quando devem ser conclu\u00eddas as unidades em constru\u00e7\u00e3o no Get\u00falio Vargas (Fotos: Arquivo Ascom)<\/em><\/p>\n<h4 style=\"text-align: center;\"><strong>Recorde de entregas\u00a0<\/strong><\/h4>\n<p style=\"font-style: inherit;\">De acordo com a secret\u00e1ria de Habita\u00e7\u00e3o, a aprova\u00e7\u00e3o da proposta coloca Pelotas pr\u00f3xima de atingir uma marca recorde em entregas de unidades habitacionais unifamilaires populares, pois j\u00e1 est\u00e3o em constru\u00e7\u00e3o &#8211; e com previs\u00e3o de entrega para 2024 &#8211; outras 250 unidades atrav\u00e9s do programa Avan\u00e7ar Habita\u00e7\u00e3o do governo estadual.<\/p>\n<p style=\"font-style: inherit;\">\u201cSe tudo correr bem, teremos a entrega de 500 novas unidades habitacionais no ano que vem, o que \u00e9 uma marca hist\u00f3rica e vai fazer uma grande diferen\u00e7a no combate ao d\u00e9ficit habitacional para essa faixa da popula\u00e7\u00e3o\u201d, comenta.<\/p>\n<h4 style=\"font-weight: inherit; font-style: inherit; text-align: center;\"><strong>O que acontece agora<\/strong><\/h4>\n<p style=\"font-style: inherit;\">A partir da publica\u00e7\u00e3o da Portaria 1.482\/2023, que se deu na quarta-feira (22), os proponentes dos projetos t\u00eam at\u00e9 30 dias para ratificar o interesse, junto ao agente financeiro, de prosseguir com suas propostas.<\/p>\n<p style=\"font-style: inherit;\">Depois, transcorrer\u00e1 o prazo de 40 dias para o agente financeiro enviar ao Minist\u00e9rio das Cidades a rela\u00e7\u00e3o das propostas ratificadas.<\/p>\n<p style=\"font-style: inherit;\">Ap\u00f3s an\u00e1lise dessa documenta\u00e7\u00e3o, o Minist\u00e9rio das Cidades deve encaminhar a publica\u00e7\u00e3o das portarias de autoriza\u00e7\u00e3o de contrata\u00e7\u00e3o dos projetos de acordo com a disponibilidade or\u00e7ament\u00e1ria e financeira do governo federal.<\/p>\n","protected":false},"excerpt":{"rendered":"<p>Conjunto habitacional com 250 casas, na avenida Leopoldo Brod, foi inclu\u00eddo entre as 1,2 mil propostas na nova edi\u00e7\u00e3o do programa A proposta da Prefeitura de Pelotas, para a constru\u00e7\u00e3o<\/p>\n","protected":false},"author":3,"featured_media":131889,"comment_status":"closed","ping_status":"closed","sticky":false,"template":"","format":"standard","meta":[],"categories":[305,149],"tags":[],"_links":{"self":[{"href":"https:\/\/diariodamanhapelotas.com.br\/site\/wp-json\/wp\/v2\/posts\/131887"}],"collection":[{"href":"https:\/\/diariodamanhapelotas.com.br\/site\/wp-json\/wp\/v2\/posts"}],"about":[{"href":"https:\/\/diariodamanhapelotas.com.br\/site\/wp-json\/wp\/v2\/types\/post"}],"author":[{"embeddable":true,"href":"https:\/\/diariodamanhapelotas.com.br\/site\/wp-json\/wp\/v2\/users\/3"}],"replies":[{"embeddable":true,"href":"https:\/\/diariodamanhapelotas.com.br\/site\/wp-json\/wp\/v2\/comments?post=131887"}],"version-history":[{"count":1,"href":"https:\/\/diariodamanhapelotas.com.br\/site\/wp-json\/wp\/v2\/posts\/131887\/revisions"}],"predecessor-version":[{"id":131890,"href":"https:\/\/diariodamanhapelotas.com.br\/site\/wp-json\/wp\/v2\/posts\/131887\/revisions\/131890"}],"wp:featuredmedia":[{"embeddable":true,"href":"https:\/\/diariodamanhapelotas.com.br\/site\/wp-json\/wp\/v2\/media\/131889"}],"wp:attachment":[{"href":"https:\/\/diariodamanhapelotas.com.br\/site\/wp-json\/wp\/v2\/media?parent=131887"}],"wp:term":[{"taxonomy":"category","embeddable":true,"href":"https:\/\/diariodamanhapelotas.com.br\/site\/wp-json\/wp\/v2\/categories?post=131887"},{"taxonomy":"post_tag","embeddable":true,"href":"https:\/\/diariodamanhapelotas.com.br\/site\/wp-json\/wp\/v2\/tags?post=131887"}],"curies":[{"name":"wp","href":"https:\/\/api.w.org\/{rel}","templated":true}]}}